 {"id":10357,"date":"2024-05-20T19:33:06","date_gmt":"2024-05-20T17:33:06","guid":{"rendered":"https:\/\/www.legalprod.com\/protecao-de-dados-pessoais\/"},"modified":"2024-05-20T19:33:06","modified_gmt":"2024-05-20T17:33:06","slug":"protecao-de-dados-pessoais","status":"publish","type":"post","link":"https:\/\/www.legalprod.com\/pt-pt\/protecao-de-dados-pessoais\/","title":{"rendered":"Prote\u00e7\u00e3o de dados pessoais"},"content":{"rendered":"<h1>Prote\u00e7\u00e3o de dados pessoais<\/h1>\n<p>Na era digital, a prote\u00e7\u00e3o dos dados pessoais tornou-se uma prioridade para os indiv\u00edduos e as organiza\u00e7\u00f5es. Com o aumento das amea\u00e7as cibern\u00e9ticas e a recolha de mais dados em linha, \u00e9 essencial compreender e aplicar as medidas correctas para proteger as informa\u00e7\u00f5es pessoais.<\/p>\n<h2>O que \u00e9 a prote\u00e7\u00e3o de dados pessoais?<\/h2>\n<p>A prote\u00e7\u00e3o dos dados pessoais refere-se a pr\u00e1ticas e legisla\u00e7\u00e3o concebidas para proteger as informa\u00e7\u00f5es pessoais dos indiv\u00edduos contra o acesso e a utiliza\u00e7\u00e3o n\u00e3o autorizados. Engloba tanto os aspectos t\u00e9cnicos da <a href=\"https:\/\/www.legalprod.com\/cybersecurite-juridique\/\">ciberseguran\u00e7a jur\u00eddica<\/a> como os processos jur\u00eddicos que regem a recolha, o armazenamento e a divulga\u00e7\u00e3o de dados.<\/p>\n<h2>A import\u00e2ncia da prote\u00e7\u00e3o de dados no mundo moderno<\/h2>\n<p>Num mundo ligado, os dados pessoais podem ser vulner\u00e1veis a uma s\u00e9rie de amea\u00e7as, incluindo roubo de identidade, ataques de phishing e perda de confidencialidade. A prote\u00e7\u00e3o destes dados n\u00e3o s\u00f3 salvaguarda a privacidade dos indiv\u00edduos, como tamb\u00e9m cria confian\u00e7a na sociedade digital.<\/p>\n<h3>Legisla\u00e7\u00e3o e conformidade<\/h3>\n<p>Foram criados regulamentos, como o <a href=\"https:\/\/www.legalprod.com\/rgpd-et-cabinets-davocats-etes-vous-les-cordonniers-les-plus-mal-chausses\/\">RGPD<\/a> (Regulamento Geral sobre a Prote\u00e7\u00e3o de Dados) na Europa, para controlar a utiliza\u00e7\u00e3o de dados pessoais pelas empresas. As organiza\u00e7\u00f5es t\u00eam de cumprir estas regras ou enfrentam pesadas san\u00e7\u00f5es financeiras.<\/p>\n<h3>Seguran\u00e7a inform\u00e1tica<\/h3>\n<p>As medidas <a href=\"https:\/\/www.legalprod.com\/cloud-juridique\/\">de seguran\u00e7a inform\u00e1tica<\/a> s\u00e3o vitais para evitar o acesso n\u00e3o autorizado ou a fuga de dados. Solu\u00e7\u00f5es como a encripta\u00e7\u00e3o e as firewalls s\u00e3o normas da ind\u00fastria para proteger os dados.<\/p>\n<h3>Consentimento do utilizador<\/h3>\n<p>A recolha de dados deve ser frequentemente precedida de um consentimento informado do utilizador. As empresas devem fornecer uma pol\u00edtica de privacidade transparente e op\u00e7\u00f5es de consentimento claras para cumprir a legisla\u00e7\u00e3o.<\/p>\n<h3>Preven\u00e7\u00e3o de fugas de dados<\/h3>\n<p>As organiza\u00e7\u00f5es t\u00eam de criar sistemas s\u00f3lidos de prote\u00e7\u00e3o e <a href=\"https:\/\/www.legalprod.com\/legal-project-management\/\">gest\u00e3o de projectos jur\u00eddicos<\/a> para evitar viola\u00e7\u00f5es de dados, que podem ter graves repercuss\u00f5es jur\u00eddicas e de reputa\u00e7\u00e3o.<\/p>\n<h2>O papel da intelig\u00eancia artificial na prote\u00e7\u00e3o de dados<\/h2>\n<p><a href=\"https:\/\/www.legalprod.com\/intelligence-artificielle\/\">A intelig\u00eancia artificial<\/a> est\u00e1 a desempenhar um papel cada vez mais proeminente na an\u00e1lise de riscos e na implementa\u00e7\u00e3o de defesas contra ciberataques, oferecendo a capacidade de detetar e responder a amea\u00e7as em tempo real.<\/p>\n<h3>Automatizar a conformidade com o RGPD<\/h3>\n<p>A utiliza\u00e7\u00e3o da IA pode tamb\u00e9m simplificar o cumprimento do RGPD, gra\u00e7as \u00e0<a href=\"https:\/\/www.legalprod.com\/legaltech\/\">automatiza\u00e7\u00e3o<\/a> dos processos de auditoria e monitoriza\u00e7\u00e3o de dados.<\/p>\n<h3>Prote\u00e7\u00e3o proactiva<\/h3>\n<p>Utilizando sistemas de aprendizagem autom\u00e1tica, a intelig\u00eancia artificial pode detetar padr\u00f5es e comportamentos invulgares, contribuindo para uma prote\u00e7\u00e3o proactiva dos dados.<\/p>\n<h3>Seguran\u00e7a personalizada<\/h3>\n<p>As solu\u00e7\u00f5es de IA tamb\u00e9m permitem criar medidas de seguran\u00e7a personalizadas para cada utilizador, optimizando a prote\u00e7\u00e3o de dados a uma escala individual.<\/p>\n<h2>Perguntas mais frequentes<\/h2>\n<p>Segue-se uma lista de perguntas frequentes sobre a prote\u00e7\u00e3o de dados pessoais.<\/p>\n<h3>O que \u00e9 uma viola\u00e7\u00e3o de dados pessoais?<\/h3>\n<p>Uma viola\u00e7\u00e3o de dados pessoais ocorre quando h\u00e1 acesso n\u00e3o autorizado, divulga\u00e7\u00e3o, perda ou altera\u00e7\u00e3o dos dados pessoais de um indiv\u00edduo.<\/p>\n<h3>Como \u00e9 que as empresas podem garantir a conformidade com o RGPD?<\/h3>\n<p>Podem adotar um programa de gest\u00e3o da prote\u00e7\u00e3o de dados, formar os seus empregados, efetuar auditorias regulares e aplicar medidas t\u00e9cnicas, como o <a href=\"https:\/\/www.legalprod.com\/traitement-automatique-du-langage-naturel\/\">tratamento autom\u00e1tico da linguagem natural<\/a>, para gerir eficazmente os dados.<\/p>\n<h3>Que direitos t\u00eam as pessoas relativamente aos seus dados pessoais?<\/h3>\n<p>As pessoas t\u00eam o direito de solicitar o acesso aos seus dados pessoais, rectific\u00e1-los, apag\u00e1-los ou restringir o seu tratamento. T\u00eam tamb\u00e9m o direito de se opor ao tratamento dos seus dados e de solicitar a portabilidade dos mesmos.<\/p>\n<h3>Qual \u00e9 o impacto de uma fuga de dados numa empresa?<\/h3>\n<p>Uma fuga de dados pode ter consequ\u00eancias financeiras graves, prejudicar a reputa\u00e7\u00e3o de uma empresa e levar a uma perda de confian\u00e7a entre clientes e parceiros.<\/p>\n<h3>Podes confiar nos servi\u00e7os em nuvem para armazenar dados pessoais?<\/h3>\n<p>Desde que o servi\u00e7o de <a href=\"https:\/\/www.legalprod.com\/cloud-juridique\/\">nuvem<\/a> seja seguro e cumpra os regulamentos relevantes, pode ser uma solu\u00e7\u00e3o fi\u00e1vel para armazenar dados pessoais.<\/p>\n<p>Este artigo apresenta uma panor\u00e2mica da import\u00e2ncia da prote\u00e7\u00e3o dos dados pessoais e das medidas que os indiv\u00edduos e as organiza\u00e7\u00f5es podem tomar para proteger esta informa\u00e7\u00e3o vital. Com a r\u00e1pida evolu\u00e7\u00e3o da tecnologia e da legisla\u00e7\u00e3o, \u00e9 fundamental manteres-te informado e proactivo nesta \u00e1rea.<\/p>\n","protected":false},"excerpt":{"rendered":"<p>Prote\u00e7\u00e3o de dados pessoais Na era digital, a prote\u00e7\u00e3o dos dados pessoais tornou-se uma prioridade para os indiv\u00edduos e as organiza\u00e7\u00f5es. Com o aumento das amea\u00e7as cibern\u00e9ticas e a recolha de mais dados em linha, \u00e9 essencial compreender e aplicar as medidas correctas para proteger as informa\u00e7\u00f5es pessoais. O que \u00e9 a prote\u00e7\u00e3o de dados [&hellip;]<\/p>\n","protected":false},"author":3,"featured_media":10352,"comment_status":"open","ping_status":"open","sticky":false,"template":"","format":"standard","meta":{"_et_pb_use_builder":"","_et_pb_old_content":"","_et_gb_content_width":"","_monsterinsights_skip_tracking":false,"_monsterinsights_sitenote_active":false,"_monsterinsights_sitenote_note":"","_monsterinsights_sitenote_category":0,"footnotes":""},"categories":[403],"tags":[],"class_list":["post-10357","post","type-post","status-publish","format-standard","has-post-thumbnail","hentry","category-definicao"],"yoast_head":"<!-- This site is optimized with the Yoast SEO plugin v27.5 - https:\/\/yoast.com\/product\/yoast-seo-wordpress\/ -->\n<title>Prote\u00e7\u00e3o de dados pessoais - LEGALPROD<\/title>\n<meta name=\"robots\" content=\"index, follow, max-snippet:-1, max-image-preview:large, max-video-preview:-1\" \/>\n<link rel=\"canonical\" href=\"https:\/\/www.legalprod.com\/pt-pt\/protecao-de-dados-pessoais\/\" \/>\n<meta property=\"og:locale\" content=\"pt_PT\" \/>\n<meta property=\"og:type\" content=\"article\" \/>\n<meta property=\"og:title\" content=\"Prote\u00e7\u00e3o de dados pessoais - LEGALPROD\" \/>\n<meta property=\"og:description\" content=\"Prote\u00e7\u00e3o de dados pessoais Na era digital, a prote\u00e7\u00e3o dos dados pessoais tornou-se uma prioridade para os indiv\u00edduos e as organiza\u00e7\u00f5es. Com o aumento das amea\u00e7as cibern\u00e9ticas e a recolha de mais dados em linha, \u00e9 essencial compreender e aplicar as medidas correctas para proteger as informa\u00e7\u00f5es pessoais. O que \u00e9 a prote\u00e7\u00e3o de dados [&hellip;]\" \/>\n<meta property=\"og:url\" content=\"https:\/\/www.legalprod.com\/pt-pt\/protecao-de-dados-pessoais\/\" \/>\n<meta property=\"og:site_name\" content=\"LEGALPROD\" \/>\n<meta property=\"article:published_time\" content=\"2024-05-20T17:33:06+00:00\" \/>\n<meta name=\"author\" content=\"Team LegalProd\" \/>\n<meta name=\"twitter:card\" content=\"summary_large_image\" \/>\n<meta name=\"twitter:label1\" content=\"Escrito por\" \/>\n\t<meta name=\"twitter:data1\" content=\"Team LegalProd\" \/>\n\t<meta name=\"twitter:label2\" content=\"Tempo estimado de leitura\" \/>\n\t<meta name=\"twitter:data2\" content=\"4 minutos\" \/>\n<script type=\"application\/ld+json\" class=\"yoast-schema-graph\">{\"@context\":\"https:\\\/\\\/schema.org\",\"@graph\":[{\"@type\":\"Article\",\"@id\":\"https:\\\/\\\/www.legalprod.com\\\/pt-pt\\\/protecao-de-dados-pessoais\\\/#article\",\"isPartOf\":{\"@id\":\"https:\\\/\\\/www.legalprod.com\\\/pt-pt\\\/protecao-de-dados-pessoais\\\/\"},\"author\":{\"name\":\"Team LegalProd\",\"@id\":\"https:\\\/\\\/www.legalprod.com\\\/pt-pt\\\/#\\\/schema\\\/person\\\/25526da464038d4aa345e8c5fd8f9dc4\"},\"headline\":\"Prote\u00e7\u00e3o de dados pessoais\",\"datePublished\":\"2024-05-20T17:33:06+00:00\",\"mainEntityOfPage\":{\"@id\":\"https:\\\/\\\/www.legalprod.com\\\/pt-pt\\\/protecao-de-dados-pessoais\\\/\"},\"wordCount\":783,\"commentCount\":0,\"publisher\":{\"@id\":\"https:\\\/\\\/www.legalprod.com\\\/pt-pt\\\/#organization\"},\"image\":{\"@id\":\"https:\\\/\\\/www.legalprod.com\\\/pt-pt\\\/protecao-de-dados-pessoais\\\/#primaryimage\"},\"thumbnailUrl\":\"https:\\\/\\\/www.legalprod.com\\\/wp-content\\\/uploads\\\/2024\\\/05\\\/Protection-des-donnees-personnelles.png\",\"articleSection\":[\"Defini\u00e7\u00e3o\"],\"inLanguage\":\"pt-PT\",\"potentialAction\":[{\"@type\":\"CommentAction\",\"name\":\"Comment\",\"target\":[\"https:\\\/\\\/www.legalprod.com\\\/pt-pt\\\/protecao-de-dados-pessoais\\\/#respond\"]}]},{\"@type\":\"WebPage\",\"@id\":\"https:\\\/\\\/www.legalprod.com\\\/pt-pt\\\/protecao-de-dados-pessoais\\\/\",\"url\":\"https:\\\/\\\/www.legalprod.com\\\/pt-pt\\\/protecao-de-dados-pessoais\\\/\",\"name\":\"Prote\u00e7\u00e3o de dados pessoais - LEGALPROD\",\"isPartOf\":{\"@id\":\"https:\\\/\\\/www.legalprod.com\\\/pt-pt\\\/#website\"},\"primaryImageOfPage\":{\"@id\":\"https:\\\/\\\/www.legalprod.com\\\/pt-pt\\\/protecao-de-dados-pessoais\\\/#primaryimage\"},\"image\":{\"@id\":\"https:\\\/\\\/www.legalprod.com\\\/pt-pt\\\/protecao-de-dados-pessoais\\\/#primaryimage\"},\"thumbnailUrl\":\"https:\\\/\\\/www.legalprod.com\\\/wp-content\\\/uploads\\\/2024\\\/05\\\/Protection-des-donnees-personnelles.png\",\"datePublished\":\"2024-05-20T17:33:06+00:00\",\"breadcrumb\":{\"@id\":\"https:\\\/\\\/www.legalprod.com\\\/pt-pt\\\/protecao-de-dados-pessoais\\\/#breadcrumb\"},\"inLanguage\":\"pt-PT\",\"potentialAction\":[{\"@type\":\"ReadAction\",\"target\":[\"https:\\\/\\\/www.legalprod.com\\\/pt-pt\\\/protecao-de-dados-pessoais\\\/\"]}]},{\"@type\":\"ImageObject\",\"inLanguage\":\"pt-PT\",\"@id\":\"https:\\\/\\\/www.legalprod.com\\\/pt-pt\\\/protecao-de-dados-pessoais\\\/#primaryimage\",\"url\":\"https:\\\/\\\/www.legalprod.com\\\/wp-content\\\/uploads\\\/2024\\\/05\\\/Protection-des-donnees-personnelles.png\",\"contentUrl\":\"https:\\\/\\\/www.legalprod.com\\\/wp-content\\\/uploads\\\/2024\\\/05\\\/Protection-des-donnees-personnelles.png\",\"width\":1792,\"height\":1024},{\"@type\":\"BreadcrumbList\",\"@id\":\"https:\\\/\\\/www.legalprod.com\\\/pt-pt\\\/protecao-de-dados-pessoais\\\/#breadcrumb\",\"itemListElement\":[{\"@type\":\"ListItem\",\"position\":1,\"name\":\"Accueil\",\"item\":\"https:\\\/\\\/www.legalprod.com\\\/pt-pt\\\/\"},{\"@type\":\"ListItem\",\"position\":2,\"name\":\"Prote\u00e7\u00e3o de dados pessoais\"}]},{\"@type\":\"WebSite\",\"@id\":\"https:\\\/\\\/www.legalprod.com\\\/pt-pt\\\/#website\",\"url\":\"https:\\\/\\\/www.legalprod.com\\\/pt-pt\\\/\",\"name\":\"LEGALPROD\",\"description\":\"La plateforme intelligente des avocats performants\",\"publisher\":{\"@id\":\"https:\\\/\\\/www.legalprod.com\\\/pt-pt\\\/#organization\"},\"potentialAction\":[{\"@type\":\"SearchAction\",\"target\":{\"@type\":\"EntryPoint\",\"urlTemplate\":\"https:\\\/\\\/www.legalprod.com\\\/pt-pt\\\/?s={search_term_string}\"},\"query-input\":{\"@type\":\"PropertyValueSpecification\",\"valueRequired\":true,\"valueName\":\"search_term_string\"}}],\"inLanguage\":\"pt-PT\"},{\"@type\":\"Organization\",\"@id\":\"https:\\\/\\\/www.legalprod.com\\\/pt-pt\\\/#organization\",\"name\":\"LEGALPROD\",\"url\":\"https:\\\/\\\/www.legalprod.com\\\/pt-pt\\\/\",\"logo\":{\"@type\":\"ImageObject\",\"inLanguage\":\"pt-PT\",\"@id\":\"https:\\\/\\\/www.legalprod.com\\\/pt-pt\\\/#\\\/schema\\\/logo\\\/image\\\/\",\"url\":\"https:\\\/\\\/www.legalprod.com\\\/wp-content\\\/uploads\\\/2022\\\/11\\\/legalprod.png\",\"contentUrl\":\"https:\\\/\\\/www.legalprod.com\\\/wp-content\\\/uploads\\\/2022\\\/11\\\/legalprod.png\",\"width\":420,\"height\":127,\"caption\":\"LEGALPROD\"},\"image\":{\"@id\":\"https:\\\/\\\/www.legalprod.com\\\/pt-pt\\\/#\\\/schema\\\/logo\\\/image\\\/\"},\"sameAs\":[\"https:\\\/\\\/www.linkedin.com\\\/company\\\/legalprod\"]},{\"@type\":\"Person\",\"@id\":\"https:\\\/\\\/www.legalprod.com\\\/pt-pt\\\/#\\\/schema\\\/person\\\/25526da464038d4aa345e8c5fd8f9dc4\",\"name\":\"Team LegalProd\",\"image\":{\"@type\":\"ImageObject\",\"inLanguage\":\"pt-PT\",\"@id\":\"https:\\\/\\\/secure.gravatar.com\\\/avatar\\\/1c3c7c48b0038c51ba83478ea83671ea74b6f9f6ba96ef408e957139ba8d6724?s=96&d=mm&r=g\",\"url\":\"https:\\\/\\\/secure.gravatar.com\\\/avatar\\\/1c3c7c48b0038c51ba83478ea83671ea74b6f9f6ba96ef408e957139ba8d6724?s=96&d=mm&r=g\",\"contentUrl\":\"https:\\\/\\\/secure.gravatar.com\\\/avatar\\\/1c3c7c48b0038c51ba83478ea83671ea74b6f9f6ba96ef408e957139ba8d6724?s=96&d=mm&r=g\",\"caption\":\"Team LegalProd\"},\"url\":\"https:\\\/\\\/www.legalprod.com\\\/pt-pt\\\/author\\\/team-legalprod\\\/\"}]}<\/script>\n<!-- \/ Yoast SEO plugin. -->","yoast_head_json":{"title":"Prote\u00e7\u00e3o de dados pessoais - LEGALPROD","robots":{"index":"index","follow":"follow","max-snippet":"max-snippet:-1","max-image-preview":"max-image-preview:large","max-video-preview":"max-video-preview:-1"},"canonical":"https:\/\/www.legalprod.com\/pt-pt\/protecao-de-dados-pessoais\/","og_locale":"pt_PT","og_type":"article","og_title":"Prote\u00e7\u00e3o de dados pessoais - LEGALPROD","og_description":"Prote\u00e7\u00e3o de dados pessoais Na era digital, a prote\u00e7\u00e3o dos dados pessoais tornou-se uma prioridade para os indiv\u00edduos e as organiza\u00e7\u00f5es. Com o aumento das amea\u00e7as cibern\u00e9ticas e a recolha de mais dados em linha, \u00e9 essencial compreender e aplicar as medidas correctas para proteger as informa\u00e7\u00f5es pessoais. O que \u00e9 a prote\u00e7\u00e3o de dados [&hellip;]","og_url":"https:\/\/www.legalprod.com\/pt-pt\/protecao-de-dados-pessoais\/","og_site_name":"LEGALPROD","article_published_time":"2024-05-20T17:33:06+00:00","author":"Team LegalProd","twitter_card":"summary_large_image","twitter_misc":{"Escrito por":"Team LegalProd","Tempo estimado de leitura":"4 minutos"},"schema":{"@context":"https:\/\/schema.org","@graph":[{"@type":"Article","@id":"https:\/\/www.legalprod.com\/pt-pt\/protecao-de-dados-pessoais\/#article","isPartOf":{"@id":"https:\/\/www.legalprod.com\/pt-pt\/protecao-de-dados-pessoais\/"},"author":{"name":"Team LegalProd","@id":"https:\/\/www.legalprod.com\/pt-pt\/#\/schema\/person\/25526da464038d4aa345e8c5fd8f9dc4"},"headline":"Prote\u00e7\u00e3o de dados pessoais","datePublished":"2024-05-20T17:33:06+00:00","mainEntityOfPage":{"@id":"https:\/\/www.legalprod.com\/pt-pt\/protecao-de-dados-pessoais\/"},"wordCount":783,"commentCount":0,"publisher":{"@id":"https:\/\/www.legalprod.com\/pt-pt\/#organization"},"image":{"@id":"https:\/\/www.legalprod.com\/pt-pt\/protecao-de-dados-pessoais\/#primaryimage"},"thumbnailUrl":"https:\/\/www.legalprod.com\/wp-content\/uploads\/2024\/05\/Protection-des-donnees-personnelles.png","articleSection":["Defini\u00e7\u00e3o"],"inLanguage":"pt-PT","potentialAction":[{"@type":"CommentAction","name":"Comment","target":["https:\/\/www.legalprod.com\/pt-pt\/protecao-de-dados-pessoais\/#respond"]}]},{"@type":"WebPage","@id":"https:\/\/www.legalprod.com\/pt-pt\/protecao-de-dados-pessoais\/","url":"https:\/\/www.legalprod.com\/pt-pt\/protecao-de-dados-pessoais\/","name":"Prote\u00e7\u00e3o de dados pessoais - LEGALPROD","isPartOf":{"@id":"https:\/\/www.legalprod.com\/pt-pt\/#website"},"primaryImageOfPage":{"@id":"https:\/\/www.legalprod.com\/pt-pt\/protecao-de-dados-pessoais\/#primaryimage"},"image":{"@id":"https:\/\/www.legalprod.com\/pt-pt\/protecao-de-dados-pessoais\/#primaryimage"},"thumbnailUrl":"https:\/\/www.legalprod.com\/wp-content\/uploads\/2024\/05\/Protection-des-donnees-personnelles.png","datePublished":"2024-05-20T17:33:06+00:00","breadcrumb":{"@id":"https:\/\/www.legalprod.com\/pt-pt\/protecao-de-dados-pessoais\/#breadcrumb"},"inLanguage":"pt-PT","potentialAction":[{"@type":"ReadAction","target":["https:\/\/www.legalprod.com\/pt-pt\/protecao-de-dados-pessoais\/"]}]},{"@type":"ImageObject","inLanguage":"pt-PT","@id":"https:\/\/www.legalprod.com\/pt-pt\/protecao-de-dados-pessoais\/#primaryimage","url":"https:\/\/www.legalprod.com\/wp-content\/uploads\/2024\/05\/Protection-des-donnees-personnelles.png","contentUrl":"https:\/\/www.legalprod.com\/wp-content\/uploads\/2024\/05\/Protection-des-donnees-personnelles.png","width":1792,"height":1024},{"@type":"BreadcrumbList","@id":"https:\/\/www.legalprod.com\/pt-pt\/protecao-de-dados-pessoais\/#breadcrumb","itemListElement":[{"@type":"ListItem","position":1,"name":"Accueil","item":"https:\/\/www.legalprod.com\/pt-pt\/"},{"@type":"ListItem","position":2,"name":"Prote\u00e7\u00e3o de dados pessoais"}]},{"@type":"WebSite","@id":"https:\/\/www.legalprod.com\/pt-pt\/#website","url":"https:\/\/www.legalprod.com\/pt-pt\/","name":"LEGALPROD","description":"La plateforme intelligente des avocats performants","publisher":{"@id":"https:\/\/www.legalprod.com\/pt-pt\/#organization"},"potentialAction":[{"@type":"SearchAction","target":{"@type":"EntryPoint","urlTemplate":"https:\/\/www.legalprod.com\/pt-pt\/?s={search_term_string}"},"query-input":{"@type":"PropertyValueSpecification","valueRequired":true,"valueName":"search_term_string"}}],"inLanguage":"pt-PT"},{"@type":"Organization","@id":"https:\/\/www.legalprod.com\/pt-pt\/#organization","name":"LEGALPROD","url":"https:\/\/www.legalprod.com\/pt-pt\/","logo":{"@type":"ImageObject","inLanguage":"pt-PT","@id":"https:\/\/www.legalprod.com\/pt-pt\/#\/schema\/logo\/image\/","url":"https:\/\/www.legalprod.com\/wp-content\/uploads\/2022\/11\/legalprod.png","contentUrl":"https:\/\/www.legalprod.com\/wp-content\/uploads\/2022\/11\/legalprod.png","width":420,"height":127,"caption":"LEGALPROD"},"image":{"@id":"https:\/\/www.legalprod.com\/pt-pt\/#\/schema\/logo\/image\/"},"sameAs":["https:\/\/www.linkedin.com\/company\/legalprod"]},{"@type":"Person","@id":"https:\/\/www.legalprod.com\/pt-pt\/#\/schema\/person\/25526da464038d4aa345e8c5fd8f9dc4","name":"Team LegalProd","image":{"@type":"ImageObject","inLanguage":"pt-PT","@id":"https:\/\/secure.gravatar.com\/avatar\/1c3c7c48b0038c51ba83478ea83671ea74b6f9f6ba96ef408e957139ba8d6724?s=96&d=mm&r=g","url":"https:\/\/secure.gravatar.com\/avatar\/1c3c7c48b0038c51ba83478ea83671ea74b6f9f6ba96ef408e957139ba8d6724?s=96&d=mm&r=g","contentUrl":"https:\/\/secure.gravatar.com\/avatar\/1c3c7c48b0038c51ba83478ea83671ea74b6f9f6ba96ef408e957139ba8d6724?s=96&d=mm&r=g","caption":"Team LegalProd"},"url":"https:\/\/www.legalprod.com\/pt-pt\/author\/team-legalprod\/"}]}},"_links":{"self":[{"href":"https:\/\/www.legalprod.com\/pt-pt\/wp-json\/wp\/v2\/posts\/10357","targetHints":{"allow":["GET"]}}],"collection":[{"href":"https:\/\/www.legalprod.com\/pt-pt\/wp-json\/wp\/v2\/posts"}],"about":[{"href":"https:\/\/www.legalprod.com\/pt-pt\/wp-json\/wp\/v2\/types\/post"}],"author":[{"embeddable":true,"href":"https:\/\/www.legalprod.com\/pt-pt\/wp-json\/wp\/v2\/users\/3"}],"replies":[{"embeddable":true,"href":"https:\/\/www.legalprod.com\/pt-pt\/wp-json\/wp\/v2\/comments?post=10357"}],"version-history":[{"count":0,"href":"https:\/\/www.legalprod.com\/pt-pt\/wp-json\/wp\/v2\/posts\/10357\/revisions"}],"wp:featuredmedia":[{"embeddable":true,"href":"https:\/\/www.legalprod.com\/pt-pt\/wp-json\/wp\/v2\/media\/10352"}],"wp:attachment":[{"href":"https:\/\/www.legalprod.com\/pt-pt\/wp-json\/wp\/v2\/media?parent=10357"}],"wp:term":[{"taxonomy":"category","embeddable":true,"href":"https:\/\/www.legalprod.com\/pt-pt\/wp-json\/wp\/v2\/categories?post=10357"},{"taxonomy":"post_tag","embeddable":true,"href":"https:\/\/www.legalprod.com\/pt-pt\/wp-json\/wp\/v2\/tags?post=10357"}],"curies":[{"name":"wp","href":"https:\/\/api.w.org\/{rel}","templated":true}]}}