 {"id":14458,"date":"2025-06-23T10:50:12","date_gmt":"2025-06-23T08:50:12","guid":{"rendered":"https:\/\/www.legalprod.com\/o-que-sao-as-ordens-profissionais-guia-currentyear\/"},"modified":"2025-06-23T10:50:55","modified_gmt":"2025-06-23T08:50:55","slug":"o-que-sao-as-ordens-profissionais-guia-currentyear","status":"publish","type":"post","link":"https:\/\/www.legalprod.com\/pt-pt\/o-que-sao-as-ordens-profissionais-guia-currentyear\/","title":{"rendered":"O que s\u00e3o as Ordens Profissionais? Guia 2026"},"content":{"rendered":"<h1>Ordens profissionais: papel e funcionamento no sistema jur\u00eddico franc\u00eas<\/h1>\n        \n        <div id=\"Zloop-content\">\n        <p>As ordens profissionais s\u00e3o institui\u00e7\u00f5es fundamentais no panorama jur\u00eddico franc\u00eas. Controlam o exerc\u00edcio de numerosas profiss\u00f5es regulamentadas e garantem o respeito das regras deontol\u00f3gicas. Estes organismos desempenham um papel crucial na regula\u00e7\u00e3o das actividades profissionais e na prote\u00e7\u00e3o do p\u00fablico.  <\/p><h2>O que s\u00e3o as ordens profissionais?<\/h2><p>Um organismo profissional \u00e9 uma entidade jur\u00eddica de direito p\u00fablico, que deve incluir todos os membros de uma profiss\u00e3o regulamentada. Estes organismos desempenham uma verdadeira miss\u00e3o <a href=\"https:\/\/www.legalprod.com\/legalblog\/institutions-et-reglementation\">de servi\u00e7o p\u00fablico<\/a>, controlando o acesso \u00e0 profiss\u00e3o e assegurando o cumprimento das regras deontol\u00f3gicas. Esta miss\u00e3o de servi\u00e7o p\u00fablico significa que actuam no interesse geral, acima e para al\u00e9m de quaisquer interesses corporativos.  <\/p><p>As ordens profissionais distinguem-se pelo seu car\u00e1cter obrigat\u00f3rio. <strong>Qualquer profissional que pretenda exercer uma atividade regulamentada deve inscrever-se na ordem profissional competente<\/strong>. O registo \u00e9 uma condi\u00e7\u00e3o pr\u00e9via para o direito de exercer a profiss\u00e3o e confere direitos e obriga\u00e7\u00f5es espec\u00edficos. O exerc\u00edcio ilegal de uma profiss\u00e3o regulamentada sem registo pode dar origem a uma coima at\u00e9 15 000 euros e \u00e0 proibi\u00e7\u00e3o de exercer a profiss\u00e3o.  <\/p><p>Em Fran\u00e7a, existem v\u00e1rias dezenas de ordens profissionais que abrangem um vasto leque de dom\u00ednios: sa\u00fade (como a Ordem dos M\u00e9dicos), direito, arquitetura, contabilidade, farm\u00e1cia e medicina veterin\u00e1ria. Cada ordem tem autonomia na sua gest\u00e3o, respeitando o quadro jur\u00eddico nacional, garantindo assim uma regulamenta\u00e7\u00e3o adaptada \u00e0s especificidades de cada profiss\u00e3o. <\/p><h2>Estrutura e organiza\u00e7\u00e3o dos organismos profissionais<\/h2><p>A estrutura das ordens profissionais segue geralmente um modelo hier\u00e1rquico a tr\u00eas n\u00edveis, com poderes disciplinares distintos. A n\u00edvel local, os conselhos departamentais ou regionais tratam das inscri\u00e7\u00f5es na lista e exercem o poder disciplinar em primeira inst\u00e2ncia. Estes organismos locais investigam cerca de 85% dos processos disciplinares, tratando de infrac\u00e7\u00f5es menores \u00e0 \u00e9tica profissional com prazos m\u00e9dios de 6 a 12 meses. Os seus poderes incluem advert\u00eancias, repreens\u00f5es e suspens\u00f5es tempor\u00e1rias do exerc\u00edcio da profiss\u00e3o.   <\/p><p>A n\u00edvel regional, os conselhos regionais coordenam os trabalhos dos conselhos locais e t\u00eam compet\u00eancia para recorrer das decis\u00f5es de primeira inst\u00e2ncia. S\u00e3o o tribunal de recurso obrigat\u00f3rio antes de qualquer recurso para os tribunais administrativos. Estes \u00f3rg\u00e3os asseguram igualmente a harmoniza\u00e7\u00e3o das pr\u00e1ticas disciplinares na sua \u00e1rea geogr\u00e1fica e podem impor san\u00e7\u00f5es mais severas, incluindo interdi\u00e7\u00f5es tempor\u00e1rias de direitos superiores a tr\u00eas anos.  <\/p><p>Por \u00faltimo, a n\u00edvel nacional, o conselho nacional de cada ordem define as orienta\u00e7\u00f5es estrat\u00e9gicas e regulamentares da profiss\u00e3o. Representa a profiss\u00e3o junto das autoridades p\u00fablicas, elabora as regras deontol\u00f3gicas nacionais e assegura a coer\u00eancia da organiza\u00e7\u00e3o em toda a Fran\u00e7a. Em mat\u00e9ria disciplinar, pode recorrer das decis\u00f5es dos conselhos regionais e tem o poder de aplicar as san\u00e7\u00f5es mais graves, como a exclus\u00e3o definitiva da profiss\u00e3o.  <\/p><h2>Miss\u00f5es e responsabilidades dos organismos profissionais<\/h2><p>As ordens profissionais t\u00eam tr\u00eas miss\u00f5es principais: regular o acesso \u00e0 profiss\u00e3o, controlar a conduta \u00e9tica e representar a profiss\u00e3o. Estas miss\u00f5es centram-se na prote\u00e7\u00e3o do interesse p\u00fablico e na qualidade dos servi\u00e7os prestados ao p\u00fablico, adaptando-se simultaneamente aos desafios contempor\u00e2neos, como a digitaliza\u00e7\u00e3o das pr\u00e1ticas profissionais. <\/p><p><strong>O acesso \u00e9 regulado<\/strong> por um controlo rigoroso das condi\u00e7\u00f5es de inscri\u00e7\u00e3o na lista. As associa\u00e7\u00f5es verificam as qualifica\u00e7\u00f5es, a experi\u00eancia profissional e o car\u00e1cter dos candidatos de acordo com crit\u00e9rios rigorosos e objectivos. Este processo de sele\u00e7\u00e3o rigoroso garante um elevado n\u00edvel de qualifica\u00e7\u00f5es e de \u00e9tica profissional.  <\/p><p><strong>O controlo \u00e9tico<\/strong> \u00e9 uma tarefa permanente e de import\u00e2ncia crucial. As associa\u00e7\u00f5es investigam as suspeitas de infra\u00e7\u00e3o, investigam as queixas e imp\u00f5em san\u00e7\u00f5es disciplinares graduadas: advert\u00eancia, repreens\u00e3o, suspens\u00e3o tempor\u00e1ria do exerc\u00edcio da profiss\u00e3o ou exclus\u00e3o da lista nos casos mais graves. De acordo com as estat\u00edsticas dispon\u00edveis, as ordens profissionais tratam v\u00e1rios milhares de processos disciplinares por ano, o que demonstra o seu papel ativo na regula\u00e7\u00e3o das pr\u00e1ticas. Estes procedimentos protegem os clientes e mant\u00eam a reputa\u00e7\u00e3o da profiss\u00e3o.   <\/p><p><a href=\"https:\/\/www.legalprod.com\/legalblog\/institutions-et-reglementation\/reglementation-et-formation\/\">A regulamenta\u00e7\u00e3o e a forma\u00e7\u00e3o<\/a> cont\u00ednua fazem igualmente parte das prerrogativas das ordens profissionais. As associa\u00e7\u00f5es definem as regras profissionais e organizam a forma\u00e7\u00e3o cont\u00ednua dos seus membros, tendo em conta os desafios colocados pela transforma\u00e7\u00e3o digital das profiss\u00f5es e a evolu\u00e7\u00e3o das pr\u00e1ticas profissionais. <\/p><h2>O papel espec\u00edfico das sociedades de advogados nas profiss\u00f5es jur\u00eddicas<\/h2><p>No dom\u00ednio jur\u00eddico, as associa\u00e7\u00f5es profissionais s\u00e3o particularmente importantes. A Ordem dos Advogados \u00e9 a associa\u00e7\u00e3o dos advogados, organizada em torno de ordens de advogados locais, dirigidas por um <a href=\"https:\/\/www.legalprod.com\/legalblog\/institutions-et-reglementation\/ordres-professionnels\/batonnier\/\">presidente da Ordem<\/a>. Esta organiza\u00e7\u00e3o garante a independ\u00eancia da profiss\u00e3o de advogado.  <\/p><p>O <a href=\"https:\/\/www.legalprod.com\/legalblog\/institutions-et-reglementation\/ordres-professionnels\/conseil-national-des-barreaux\/\">Conseil national des barreaux<\/a> coordena as actividades das 164 ordens de advogados francesas. Elabora o regulamento interno nacional, organiza a forma\u00e7\u00e3o cont\u00ednua e representa a profiss\u00e3o perante as institui\u00e7\u00f5es. <\/p><p><strong>A independ\u00eancia \u00e9 um princ\u00edpio fundamental<\/strong> dos sistemas jur\u00eddicos. Esta autonomia permite que os profissionais do direito exer\u00e7am as suas fun\u00e7\u00f5es sem press\u00f5es externas, garantindo assim a qualidade da justi\u00e7a e a prote\u00e7\u00e3o dos direitos dos cidad\u00e3os. <\/p><p>Os not\u00e1rios, oficiais de justi\u00e7a e outros funcion\u00e1rios p\u00fablicos ou ministeriais t\u00eam tamb\u00e9m os seus pr\u00f3prios organismos profissionais, cada um adaptado \u00e0s carater\u00edsticas espec\u00edficas da sua profiss\u00e3o.<\/p><h2>\u00d3rg\u00e3os de governa\u00e7\u00e3o e de gest\u00e3o<\/h2><p>A governa\u00e7\u00e3o das ordens profissionais assenta em \u00f3rg\u00e3os democraticamente eleitos pelos membros da profiss\u00e3o. Os Conselhos de Administra\u00e7\u00e3o, presididos por um Presidente ou Baston\u00e1rio da Ordem, definem as orienta\u00e7\u00f5es estrat\u00e9gicas e est\u00e3o sujeitos a mecanismos de controlo externo exercidos pelas autoridades ministeriais de tutela. <\/p><p><a href=\"https:\/\/www.legalprod.com\/legalblog\/institutions-et-reglementation\/ordres-professionnels\/commissions\/\">Os comit\u00e9s especializados<\/a> tratam de quest\u00f5es t\u00e9cnicas como a disciplina, a forma\u00e7\u00e3o, a \u00e9tica e as rela\u00e7\u00f5es internacionais. Estes comit\u00e9s envolvem compet\u00eancias profissionais na tomada de decis\u00f5es colectivas e podem ser sujeitos a auditorias externas para garantir o seu bom funcionamento. <\/p><p>As ordens s\u00e3o financiadas principalmente pelas quotiza\u00e7\u00f5es dos seus membros, cujos montantes variam consideravelmente consoante a profiss\u00e3o: desde algumas centenas de euros para certas profiss\u00f5es param\u00e9dicas at\u00e9 v\u00e1rios milhares de euros para as profiss\u00f5es jur\u00eddicas. Estes recursos financiam um ecossistema complexo que inclui miss\u00f5es r\u00e9gias, infra-estruturas tecnol\u00f3gicas, programas de forma\u00e7\u00e3o cont\u00ednua, investiga\u00e7\u00e3o profissional e representa\u00e7\u00e3o institucional. <\/p><p><strong>A transpar\u00eancia financeira e a responsabilidade<\/strong> s\u00e3o exig\u00eancias crescentes, refor\u00e7adas por auditorias externas regulares. As associa\u00e7\u00f5es publicam as suas contas, s\u00e3o objeto de auditorias independentes e prestam contas da sua gest\u00e3o aos seus membros, \u00e0s autoridades de supervis\u00e3o e, por vezes, aos tribunais financeiros. <\/p><p>Perante os desafios da transforma\u00e7\u00e3o digital, os organismos profissionais est\u00e3o a desenvolver ativamente ferramentas digitais inovadoras: plataformas de aprendizagem eletr\u00f3nica, aplica\u00e7\u00f5es m\u00f3veis para procedimentos administrativos, sistemas de teleconsulta e bases de dados profissionais seguras. Esta moderniza\u00e7\u00e3o tecnol\u00f3gica, embora preservando os valores \u00e9ticos tradicionais, permite-lhes manter a sua relev\u00e2ncia num ambiente profissional em constante mudan\u00e7a. <\/p>\n        <\/div>\n        <div id=\"FAQ-Zloop\">\n        <div>\n<h2>Perguntas frequentes<\/h2>\n<p>Esta sec\u00e7\u00e3o responde \u00e0s perguntas mais frequentes sobre as ordens profissionais e o seu papel no sistema jur\u00eddico franc\u00eas, nomeadamente no contexto da pr\u00e1tica jur\u00eddica moderna.<\/p>\n<h3>O que s\u00e3o as ordens profissionais no sistema jur\u00eddico franc\u00eas?<\/h3>\n<p>As ordens profissionais s\u00e3o organismos p\u00fablicos que regem o exerc\u00edcio de determinadas profiss\u00f5es regulamentadas em Fran\u00e7a. O seu papel consiste em controlar o acesso \u00e0 profiss\u00e3o, definir regras deontol\u00f3gicas, sancionar as infrac\u00e7\u00f5es e representar a profiss\u00e3o junto das autoridades p\u00fablicas. Estas institui\u00e7\u00f5es desempenham um papel crucial na prote\u00e7\u00e3o do p\u00fablico e na manuten\u00e7\u00e3o da qualidade dos servi\u00e7os profissionais.  <\/p>\n<h3>Como funcionam as ordens profissionais em Fran\u00e7a?<\/h3>\n<p>Os organismos profissionais funcionam de acordo com um sistema hier\u00e1rquico com organismos locais, regionais e nacionais. S\u00e3o dirigidas por conselhos eleitos pelos membros da profiss\u00e3o. As suas principais fun\u00e7\u00f5es s\u00e3o a inscri\u00e7\u00e3o no registo, a forma\u00e7\u00e3o cont\u00ednua obrigat\u00f3ria, o controlo disciplinar e a media\u00e7\u00e3o entre profissionais. Disp\u00f5e de poderes regulamentares e disciplinares reconhecidos por lei.   <\/p>\n<h3>Quais s\u00e3o as regras que regem as ordens profissionais em Fran\u00e7a?<\/h3>\n<p>As ordens profissionais s\u00e3o regidas por disposi\u00e7\u00f5es legislativas e regulamentares espec\u00edficas de cada profiss\u00e3o, completadas pelo C\u00f3digo de Justi\u00e7a Administrativa. Devem respeitar os princ\u00edpios da transpar\u00eancia, da igualdade de tratamento e da proporcionalidade. As suas decis\u00f5es s\u00e3o suscept\u00edveis de recurso para os tribunais administrativos. O Conseil d&#8217;\u00c9tat controla a legalidade dos seus actos regulamentares.   <\/p>\n<h3>Quais s\u00e3o alguns exemplos de ordens profissionais em Fran\u00e7a?<\/h3>\n<p>As principais ordens profissionais s\u00e3o a Ordem dos Advogados, a Ordem dos M\u00e9dicos, a Ordem dos Farmac\u00eauticos, a Ordem dos Arquitectos, a Ordem dos Peritos-Competentes e a Ordem dos Not\u00e1rios. Cada ordem tem as suas pr\u00f3prias especificidades organizativas e regulamentares. A Ordem dos Advogados, por exemplo, est\u00e1 organizada em ordens de advogados locais coordenadas pelo Conselho Nacional dos Advogados.  <\/p>\n<h3>Como \u00e9 que os organismos profissionais afectam a pr\u00e1tica jur\u00eddica moderna?<\/h3>\n<p>As ordens profissionais t\u00eam uma influ\u00eancia significativa na pr\u00e1tica jur\u00eddica, definindo normas tecnol\u00f3gicas, regras de confidencialidade digital e requisitos de forma\u00e7\u00e3o em ferramentas digitais. Est\u00e3o constantemente a adaptar as suas regras \u00e0 evolu\u00e7\u00e3o tecnol\u00f3gica, nomeadamente no que diz respeito \u00e0 desmaterializa\u00e7\u00e3o dos procedimentos e \u00e0 utiliza\u00e7\u00e3o de software profissional. Estes desenvolvimentos s\u00e3o essenciais para manter a efic\u00e1cia e a seguran\u00e7a dos servi\u00e7os jur\u00eddicos.  <\/p>\n<h3>Quais s\u00e3o os desafios jur\u00eddicos associados \u00e0s ordens profissionais?<\/h3>\n<p>As ordens profissionais enfrentam v\u00e1rios desafios: equilibrar a autorregula\u00e7\u00e3o e o controlo estatal, adaptar-se \u00e0 evolu\u00e7\u00e3o europeia, gerir os conflitos de interesses e harmonizar as pr\u00e1ticas disciplinares. As quest\u00f5es da concorr\u00eancia, da liberdade de estabelecimento e da digitaliza\u00e7\u00e3o levantam tamb\u00e9m quest\u00f5es jur\u00eddicas complexas que exigem uma adapta\u00e7\u00e3o constante das regulamenta\u00e7\u00f5es profissionais. <\/p>\n<\/div>\n        <\/div>\n        <div class=\"arianezloopglobale\">\n        <h2 class=\"articlesConnexesZloop\">Artigos relacionados<\/h2>\n        <div id=\"arianezloop\">\n            <p><a href=\"https:\/\/www.legalprod.com\/pt-pt\/blogue-juridico\/\"><span class=\"parentarianezloop\">Blogue jur\u00eddico<\/span><\/a><\/p><p><a href=\"https:\/\/www.legalprod.com\/legalblog\/institutions-et-reglementation\"><span class=\"parentarianezloop\">Institui\u00e7\u00f5es e regulamentos<\/span><\/a><\/p>\n            <div id=\"ariane-enfant\">\n            <p><a href=\"https:\/\/www.legalprod.com\/legalblog\/institutions-et-reglementation\/ordres-professionnels\"><span class=\"parentarianezloop\">Organismos profissionais<\/span><\/a><\/p>\n            <ul>\n            <li><a href=\"https:\/\/www.legalprod.com\/legalblog\/institutions-et-reglementation\/ordres-professionnels\/batonnier\/\"><span class=\"enfantarianezloop\">Presidente da Ordem dos Advogados<\/span><\/a><\/li><li><a href=\"https:\/\/www.legalprod.com\/legalblog\/institutions-et-reglementation\/ordres-professionnels\/cnb-e-barreau\/\"><span class=\"enfantarianezloop\">Cnb E Barreau<\/span><\/a><\/li><li><a href=\"https:\/\/www.legalprod.com\/legalblog\/institutions-et-reglementation\/ordres-professionnels\/cnb\/\"><span class=\"enfantarianezloop\">Cnb<\/span><\/a><\/li><li><a href=\"https:\/\/www.legalprod.com\/legalblog\/institutions-et-reglementation\/ordres-professionnels\/commissions\/\"><span class=\"enfantarianezloop\">Comiss\u00f5es<\/span><\/a><\/li><li><a href=\"https:\/\/www.legalprod.com\/legalblog\/institutions-et-reglementation\/ordres-professionnels\/conseil-national-des-barreaux\/\"><span class=\"enfantarianezloop\">Conselho Nacional da Ordem dos Advogados<\/span><\/a><\/li>\n            <\/ul>\n            <\/div>\n            <\/div>\n        <\/div>","protected":false},"excerpt":{"rendered":"<p>Ordens profissionais: papel e funcionamento no sistema jur\u00eddico franc\u00eas As ordens profissionais s\u00e3o institui\u00e7\u00f5es fundamentais no panorama jur\u00eddico franc\u00eas. Controlam o exerc\u00edcio de numerosas profiss\u00f5es regulamentadas e garantem o respeito das regras deontol\u00f3gicas. Estes organismos desempenham um papel crucial na regula\u00e7\u00e3o das actividades profissionais e na prote\u00e7\u00e3o do p\u00fablico. O que s\u00e3o as ordens profissionais? [&hellip;]<\/p>\n","protected":false},"author":3,"featured_media":14439,"comment_status":"closed","ping_status":"open","sticky":false,"template":"","format":"standard","meta":{"_et_pb_use_builder":"","_et_pb_old_content":"","_et_gb_content_width":"","_monsterinsights_skip_tracking":false,"_monsterinsights_sitenote_active":false,"_monsterinsights_sitenote_note":"","_monsterinsights_sitenote_category":0,"footnotes":""},"categories":[318],"tags":[],"class_list":["post-14458","post","type-post","status-publish","format-standard","has-post-thumbnail","hentry","category-advogado"],"yoast_head":"<!-- This site is optimized with the Yoast SEO plugin v27.5 - https:\/\/yoast.com\/product\/yoast-seo-wordpress\/ -->\n<title>O que s\u00e3o as Ordens Profissionais? Guia 2026 - LEGALPROD<\/title>\n<meta name=\"robots\" content=\"index, follow, max-snippet:-1, max-image-preview:large, max-video-preview:-1\" \/>\n<link rel=\"canonical\" href=\"https:\/\/www.legalprod.com\/pt-pt\/o-que-sao-as-ordens-profissionais-guia-currentyear\/\" \/>\n<meta property=\"og:locale\" content=\"pt_PT\" \/>\n<meta property=\"og:type\" content=\"article\" \/>\n<meta property=\"og:title\" content=\"O que s\u00e3o as Ordens Profissionais? Guia 2026 - LEGALPROD\" \/>\n<meta property=\"og:description\" content=\"Ordens profissionais: papel e funcionamento no sistema jur\u00eddico franc\u00eas As ordens profissionais s\u00e3o institui\u00e7\u00f5es fundamentais no panorama jur\u00eddico franc\u00eas. Controlam o exerc\u00edcio de numerosas profiss\u00f5es regulamentadas e garantem o respeito das regras deontol\u00f3gicas. Estes organismos desempenham um papel crucial na regula\u00e7\u00e3o das actividades profissionais e na prote\u00e7\u00e3o do p\u00fablico. O que s\u00e3o as ordens profissionais? [&hellip;]\" \/>\n<meta property=\"og:url\" content=\"https:\/\/www.legalprod.com\/pt-pt\/o-que-sao-as-ordens-profissionais-guia-currentyear\/\" \/>\n<meta property=\"og:site_name\" content=\"LEGALPROD\" \/>\n<meta property=\"article:published_time\" content=\"2025-06-23T08:50:12+00:00\" \/>\n<meta property=\"article:modified_time\" content=\"2025-06-23T08:50:55+00:00\" \/>\n<meta property=\"og:image\" content=\"https:\/\/www.legalprod.com\/wp-content\/uploads\/2025\/06\/Ordres-professionnels-1024x683.png\" \/>\n\t<meta property=\"og:image:width\" content=\"1024\" \/>\n\t<meta property=\"og:image:height\" content=\"683\" \/>\n\t<meta property=\"og:image:type\" content=\"image\/png\" \/>\n<meta name=\"author\" content=\"Team LegalProd\" \/>\n<meta name=\"twitter:card\" content=\"summary_large_image\" \/>\n<meta name=\"twitter:label1\" content=\"Escrito por\" \/>\n\t<meta name=\"twitter:data1\" content=\"Team LegalProd\" \/>\n\t<meta name=\"twitter:label2\" content=\"Tempo estimado de leitura\" \/>\n\t<meta name=\"twitter:data2\" content=\"9 minutos\" \/>\n<script type=\"application\/ld+json\" class=\"yoast-schema-graph\">{\"@context\":\"https:\\\/\\\/schema.org\",\"@graph\":[{\"@type\":\"Article\",\"@id\":\"https:\\\/\\\/www.legalprod.com\\\/pt-pt\\\/o-que-sao-as-ordens-profissionais-guia-currentyear\\\/#article\",\"isPartOf\":{\"@id\":\"https:\\\/\\\/www.legalprod.com\\\/pt-pt\\\/o-que-sao-as-ordens-profissionais-guia-currentyear\\\/\"},\"author\":{\"name\":\"Team LegalProd\",\"@id\":\"https:\\\/\\\/www.legalprod.com\\\/pt-pt\\\/#\\\/schema\\\/person\\\/25526da464038d4aa345e8c5fd8f9dc4\"},\"headline\":\"O que s\u00e3o as Ordens Profissionais? Guia 2026\",\"datePublished\":\"2025-06-23T08:50:12+00:00\",\"dateModified\":\"2025-06-23T08:50:55+00:00\",\"mainEntityOfPage\":{\"@id\":\"https:\\\/\\\/www.legalprod.com\\\/pt-pt\\\/o-que-sao-as-ordens-profissionais-guia-currentyear\\\/\"},\"wordCount\":1822,\"publisher\":{\"@id\":\"https:\\\/\\\/www.legalprod.com\\\/pt-pt\\\/#organization\"},\"image\":{\"@id\":\"https:\\\/\\\/www.legalprod.com\\\/pt-pt\\\/o-que-sao-as-ordens-profissionais-guia-currentyear\\\/#primaryimage\"},\"thumbnailUrl\":\"https:\\\/\\\/www.legalprod.com\\\/wp-content\\\/uploads\\\/2025\\\/06\\\/Ordres-professionnels.png\",\"articleSection\":[\"advogado\"],\"inLanguage\":\"pt-PT\"},{\"@type\":\"WebPage\",\"@id\":\"https:\\\/\\\/www.legalprod.com\\\/pt-pt\\\/o-que-sao-as-ordens-profissionais-guia-currentyear\\\/\",\"url\":\"https:\\\/\\\/www.legalprod.com\\\/pt-pt\\\/o-que-sao-as-ordens-profissionais-guia-currentyear\\\/\",\"name\":\"O que s\u00e3o as Ordens Profissionais? Guia %%currentYear%% - LEGALPROD\",\"isPartOf\":{\"@id\":\"https:\\\/\\\/www.legalprod.com\\\/pt-pt\\\/#website\"},\"primaryImageOfPage\":{\"@id\":\"https:\\\/\\\/www.legalprod.com\\\/pt-pt\\\/o-que-sao-as-ordens-profissionais-guia-currentyear\\\/#primaryimage\"},\"image\":{\"@id\":\"https:\\\/\\\/www.legalprod.com\\\/pt-pt\\\/o-que-sao-as-ordens-profissionais-guia-currentyear\\\/#primaryimage\"},\"thumbnailUrl\":\"https:\\\/\\\/www.legalprod.com\\\/wp-content\\\/uploads\\\/2025\\\/06\\\/Ordres-professionnels.png\",\"datePublished\":\"2025-06-23T08:50:12+00:00\",\"dateModified\":\"2025-06-23T08:50:55+00:00\",\"breadcrumb\":{\"@id\":\"https:\\\/\\\/www.legalprod.com\\\/pt-pt\\\/o-que-sao-as-ordens-profissionais-guia-currentyear\\\/#breadcrumb\"},\"inLanguage\":\"pt-PT\",\"potentialAction\":[{\"@type\":\"ReadAction\",\"target\":[\"https:\\\/\\\/www.legalprod.com\\\/pt-pt\\\/o-que-sao-as-ordens-profissionais-guia-currentyear\\\/\"]}]},{\"@type\":\"ImageObject\",\"inLanguage\":\"pt-PT\",\"@id\":\"https:\\\/\\\/www.legalprod.com\\\/pt-pt\\\/o-que-sao-as-ordens-profissionais-guia-currentyear\\\/#primaryimage\",\"url\":\"https:\\\/\\\/www.legalprod.com\\\/wp-content\\\/uploads\\\/2025\\\/06\\\/Ordres-professionnels.png\",\"contentUrl\":\"https:\\\/\\\/www.legalprod.com\\\/wp-content\\\/uploads\\\/2025\\\/06\\\/Ordres-professionnels.png\",\"width\":1536,\"height\":1024,\"caption\":\"Image illustrant Ordres professionnels\"},{\"@type\":\"BreadcrumbList\",\"@id\":\"https:\\\/\\\/www.legalprod.com\\\/pt-pt\\\/o-que-sao-as-ordens-profissionais-guia-currentyear\\\/#breadcrumb\",\"itemListElement\":[{\"@type\":\"ListItem\",\"position\":1,\"name\":\"Accueil\",\"item\":\"https:\\\/\\\/www.legalprod.com\\\/pt-pt\\\/\"},{\"@type\":\"ListItem\",\"position\":2,\"name\":\"O que s\u00e3o as Ordens Profissionais? Guia 2025\"}]},{\"@type\":\"WebSite\",\"@id\":\"https:\\\/\\\/www.legalprod.com\\\/pt-pt\\\/#website\",\"url\":\"https:\\\/\\\/www.legalprod.com\\\/pt-pt\\\/\",\"name\":\"LEGALPROD\",\"description\":\"La plateforme intelligente des avocats performants\",\"publisher\":{\"@id\":\"https:\\\/\\\/www.legalprod.com\\\/pt-pt\\\/#organization\"},\"potentialAction\":[{\"@type\":\"SearchAction\",\"target\":{\"@type\":\"EntryPoint\",\"urlTemplate\":\"https:\\\/\\\/www.legalprod.com\\\/pt-pt\\\/?s={search_term_string}\"},\"query-input\":{\"@type\":\"PropertyValueSpecification\",\"valueRequired\":true,\"valueName\":\"search_term_string\"}}],\"inLanguage\":\"pt-PT\"},{\"@type\":\"Organization\",\"@id\":\"https:\\\/\\\/www.legalprod.com\\\/pt-pt\\\/#organization\",\"name\":\"LEGALPROD\",\"url\":\"https:\\\/\\\/www.legalprod.com\\\/pt-pt\\\/\",\"logo\":{\"@type\":\"ImageObject\",\"inLanguage\":\"pt-PT\",\"@id\":\"https:\\\/\\\/www.legalprod.com\\\/pt-pt\\\/#\\\/schema\\\/logo\\\/image\\\/\",\"url\":\"https:\\\/\\\/www.legalprod.com\\\/wp-content\\\/uploads\\\/2022\\\/11\\\/legalprod.png\",\"contentUrl\":\"https:\\\/\\\/www.legalprod.com\\\/wp-content\\\/uploads\\\/2022\\\/11\\\/legalprod.png\",\"width\":420,\"height\":127,\"caption\":\"LEGALPROD\"},\"image\":{\"@id\":\"https:\\\/\\\/www.legalprod.com\\\/pt-pt\\\/#\\\/schema\\\/logo\\\/image\\\/\"},\"sameAs\":[\"https:\\\/\\\/www.linkedin.com\\\/company\\\/legalprod\"]},{\"@type\":\"Person\",\"@id\":\"https:\\\/\\\/www.legalprod.com\\\/pt-pt\\\/#\\\/schema\\\/person\\\/25526da464038d4aa345e8c5fd8f9dc4\",\"name\":\"Team LegalProd\",\"image\":{\"@type\":\"ImageObject\",\"inLanguage\":\"pt-PT\",\"@id\":\"https:\\\/\\\/secure.gravatar.com\\\/avatar\\\/1c3c7c48b0038c51ba83478ea83671ea74b6f9f6ba96ef408e957139ba8d6724?s=96&d=mm&r=g\",\"url\":\"https:\\\/\\\/secure.gravatar.com\\\/avatar\\\/1c3c7c48b0038c51ba83478ea83671ea74b6f9f6ba96ef408e957139ba8d6724?s=96&d=mm&r=g\",\"contentUrl\":\"https:\\\/\\\/secure.gravatar.com\\\/avatar\\\/1c3c7c48b0038c51ba83478ea83671ea74b6f9f6ba96ef408e957139ba8d6724?s=96&d=mm&r=g\",\"caption\":\"Team LegalProd\"},\"url\":\"https:\\\/\\\/www.legalprod.com\\\/pt-pt\\\/author\\\/team-legalprod\\\/\"}]}<\/script>\n<!-- \/ Yoast SEO plugin. -->","yoast_head_json":{"title":"O que s\u00e3o as Ordens Profissionais? Guia 2026 - LEGALPROD","robots":{"index":"index","follow":"follow","max-snippet":"max-snippet:-1","max-image-preview":"max-image-preview:large","max-video-preview":"max-video-preview:-1"},"canonical":"https:\/\/www.legalprod.com\/pt-pt\/o-que-sao-as-ordens-profissionais-guia-currentyear\/","og_locale":"pt_PT","og_type":"article","og_title":"O que s\u00e3o as Ordens Profissionais? Guia 2026 - LEGALPROD","og_description":"Ordens profissionais: papel e funcionamento no sistema jur\u00eddico franc\u00eas As ordens profissionais s\u00e3o institui\u00e7\u00f5es fundamentais no panorama jur\u00eddico franc\u00eas. Controlam o exerc\u00edcio de numerosas profiss\u00f5es regulamentadas e garantem o respeito das regras deontol\u00f3gicas. Estes organismos desempenham um papel crucial na regula\u00e7\u00e3o das actividades profissionais e na prote\u00e7\u00e3o do p\u00fablico. O que s\u00e3o as ordens profissionais? [&hellip;]","og_url":"https:\/\/www.legalprod.com\/pt-pt\/o-que-sao-as-ordens-profissionais-guia-currentyear\/","og_site_name":"LEGALPROD","article_published_time":"2025-06-23T08:50:12+00:00","article_modified_time":"2025-06-23T08:50:55+00:00","og_image":[{"width":1024,"height":683,"url":"https:\/\/www.legalprod.com\/wp-content\/uploads\/2025\/06\/Ordres-professionnels-1024x683.png","type":"image\/png"}],"author":"Team LegalProd","twitter_card":"summary_large_image","twitter_misc":{"Escrito por":"Team LegalProd","Tempo estimado de leitura":"9 minutos"},"schema":{"@context":"https:\/\/schema.org","@graph":[{"@type":"Article","@id":"https:\/\/www.legalprod.com\/pt-pt\/o-que-sao-as-ordens-profissionais-guia-currentyear\/#article","isPartOf":{"@id":"https:\/\/www.legalprod.com\/pt-pt\/o-que-sao-as-ordens-profissionais-guia-currentyear\/"},"author":{"name":"Team LegalProd","@id":"https:\/\/www.legalprod.com\/pt-pt\/#\/schema\/person\/25526da464038d4aa345e8c5fd8f9dc4"},"headline":"O que s\u00e3o as Ordens Profissionais? Guia 2026","datePublished":"2025-06-23T08:50:12+00:00","dateModified":"2025-06-23T08:50:55+00:00","mainEntityOfPage":{"@id":"https:\/\/www.legalprod.com\/pt-pt\/o-que-sao-as-ordens-profissionais-guia-currentyear\/"},"wordCount":1822,"publisher":{"@id":"https:\/\/www.legalprod.com\/pt-pt\/#organization"},"image":{"@id":"https:\/\/www.legalprod.com\/pt-pt\/o-que-sao-as-ordens-profissionais-guia-currentyear\/#primaryimage"},"thumbnailUrl":"https:\/\/www.legalprod.com\/wp-content\/uploads\/2025\/06\/Ordres-professionnels.png","articleSection":["advogado"],"inLanguage":"pt-PT"},{"@type":"WebPage","@id":"https:\/\/www.legalprod.com\/pt-pt\/o-que-sao-as-ordens-profissionais-guia-currentyear\/","url":"https:\/\/www.legalprod.com\/pt-pt\/o-que-sao-as-ordens-profissionais-guia-currentyear\/","name":"O que s\u00e3o as Ordens Profissionais? Guia %%currentYear%% - LEGALPROD","isPartOf":{"@id":"https:\/\/www.legalprod.com\/pt-pt\/#website"},"primaryImageOfPage":{"@id":"https:\/\/www.legalprod.com\/pt-pt\/o-que-sao-as-ordens-profissionais-guia-currentyear\/#primaryimage"},"image":{"@id":"https:\/\/www.legalprod.com\/pt-pt\/o-que-sao-as-ordens-profissionais-guia-currentyear\/#primaryimage"},"thumbnailUrl":"https:\/\/www.legalprod.com\/wp-content\/uploads\/2025\/06\/Ordres-professionnels.png","datePublished":"2025-06-23T08:50:12+00:00","dateModified":"2025-06-23T08:50:55+00:00","breadcrumb":{"@id":"https:\/\/www.legalprod.com\/pt-pt\/o-que-sao-as-ordens-profissionais-guia-currentyear\/#breadcrumb"},"inLanguage":"pt-PT","potentialAction":[{"@type":"ReadAction","target":["https:\/\/www.legalprod.com\/pt-pt\/o-que-sao-as-ordens-profissionais-guia-currentyear\/"]}]},{"@type":"ImageObject","inLanguage":"pt-PT","@id":"https:\/\/www.legalprod.com\/pt-pt\/o-que-sao-as-ordens-profissionais-guia-currentyear\/#primaryimage","url":"https:\/\/www.legalprod.com\/wp-content\/uploads\/2025\/06\/Ordres-professionnels.png","contentUrl":"https:\/\/www.legalprod.com\/wp-content\/uploads\/2025\/06\/Ordres-professionnels.png","width":1536,"height":1024,"caption":"Image illustrant Ordres professionnels"},{"@type":"BreadcrumbList","@id":"https:\/\/www.legalprod.com\/pt-pt\/o-que-sao-as-ordens-profissionais-guia-currentyear\/#breadcrumb","itemListElement":[{"@type":"ListItem","position":1,"name":"Accueil","item":"https:\/\/www.legalprod.com\/pt-pt\/"},{"@type":"ListItem","position":2,"name":"O que s\u00e3o as Ordens Profissionais? Guia 2025"}]},{"@type":"WebSite","@id":"https:\/\/www.legalprod.com\/pt-pt\/#website","url":"https:\/\/www.legalprod.com\/pt-pt\/","name":"LEGALPROD","description":"La plateforme intelligente des avocats performants","publisher":{"@id":"https:\/\/www.legalprod.com\/pt-pt\/#organization"},"potentialAction":[{"@type":"SearchAction","target":{"@type":"EntryPoint","urlTemplate":"https:\/\/www.legalprod.com\/pt-pt\/?s={search_term_string}"},"query-input":{"@type":"PropertyValueSpecification","valueRequired":true,"valueName":"search_term_string"}}],"inLanguage":"pt-PT"},{"@type":"Organization","@id":"https:\/\/www.legalprod.com\/pt-pt\/#organization","name":"LEGALPROD","url":"https:\/\/www.legalprod.com\/pt-pt\/","logo":{"@type":"ImageObject","inLanguage":"pt-PT","@id":"https:\/\/www.legalprod.com\/pt-pt\/#\/schema\/logo\/image\/","url":"https:\/\/www.legalprod.com\/wp-content\/uploads\/2022\/11\/legalprod.png","contentUrl":"https:\/\/www.legalprod.com\/wp-content\/uploads\/2022\/11\/legalprod.png","width":420,"height":127,"caption":"LEGALPROD"},"image":{"@id":"https:\/\/www.legalprod.com\/pt-pt\/#\/schema\/logo\/image\/"},"sameAs":["https:\/\/www.linkedin.com\/company\/legalprod"]},{"@type":"Person","@id":"https:\/\/www.legalprod.com\/pt-pt\/#\/schema\/person\/25526da464038d4aa345e8c5fd8f9dc4","name":"Team LegalProd","image":{"@type":"ImageObject","inLanguage":"pt-PT","@id":"https:\/\/secure.gravatar.com\/avatar\/1c3c7c48b0038c51ba83478ea83671ea74b6f9f6ba96ef408e957139ba8d6724?s=96&d=mm&r=g","url":"https:\/\/secure.gravatar.com\/avatar\/1c3c7c48b0038c51ba83478ea83671ea74b6f9f6ba96ef408e957139ba8d6724?s=96&d=mm&r=g","contentUrl":"https:\/\/secure.gravatar.com\/avatar\/1c3c7c48b0038c51ba83478ea83671ea74b6f9f6ba96ef408e957139ba8d6724?s=96&d=mm&r=g","caption":"Team LegalProd"},"url":"https:\/\/www.legalprod.com\/pt-pt\/author\/team-legalprod\/"}]}},"_links":{"self":[{"href":"https:\/\/www.legalprod.com\/pt-pt\/wp-json\/wp\/v2\/posts\/14458","targetHints":{"allow":["GET"]}}],"collection":[{"href":"https:\/\/www.legalprod.com\/pt-pt\/wp-json\/wp\/v2\/posts"}],"about":[{"href":"https:\/\/www.legalprod.com\/pt-pt\/wp-json\/wp\/v2\/types\/post"}],"author":[{"embeddable":true,"href":"https:\/\/www.legalprod.com\/pt-pt\/wp-json\/wp\/v2\/users\/3"}],"replies":[{"embeddable":true,"href":"https:\/\/www.legalprod.com\/pt-pt\/wp-json\/wp\/v2\/comments?post=14458"}],"version-history":[{"count":1,"href":"https:\/\/www.legalprod.com\/pt-pt\/wp-json\/wp\/v2\/posts\/14458\/revisions"}],"predecessor-version":[{"id":14459,"href":"https:\/\/www.legalprod.com\/pt-pt\/wp-json\/wp\/v2\/posts\/14458\/revisions\/14459"}],"wp:featuredmedia":[{"embeddable":true,"href":"https:\/\/www.legalprod.com\/pt-pt\/wp-json\/wp\/v2\/media\/14439"}],"wp:attachment":[{"href":"https:\/\/www.legalprod.com\/pt-pt\/wp-json\/wp\/v2\/media?parent=14458"}],"wp:term":[{"taxonomy":"category","embeddable":true,"href":"https:\/\/www.legalprod.com\/pt-pt\/wp-json\/wp\/v2\/categories?post=14458"},{"taxonomy":"post_tag","embeddable":true,"href":"https:\/\/www.legalprod.com\/pt-pt\/wp-json\/wp\/v2\/tags?post=14458"}],"curies":[{"name":"wp","href":"https:\/\/api.w.org\/{rel}","templated":true}]}}