 {"id":20652,"date":"2026-03-12T16:19:44","date_gmt":"2026-03-12T15:19:44","guid":{"rendered":"https:\/\/www.legalprod.com\/iva-para-advogados-domina-os-3-sistemas-guia-currentyear\/"},"modified":"2026-03-12T16:20:52","modified_gmt":"2026-03-12T15:20:52","slug":"iva-para-advogados-domina-os-3-sistemas-guia-currentyear","status":"publish","type":"post","link":"https:\/\/www.legalprod.com\/pt-pt\/iva-para-advogados-domina-os-3-sistemas-guia-currentyear\/","title":{"rendered":"IVA para advogados: domina os 3 sistemas (guia 2026)"},"content":{"rendered":"<h1>VAT Lawyers : Compreender o regime do IVA para as profiss\u00f5es jur\u00eddicas<\/h1>\n        \n        <div id=\"Zloop-content\">\n        <p>A gest\u00e3o do IVA \u00e9 um grande desafio para os advogados independentes. \u00c9 necess\u00e1rio dominar as regras fiscais espec\u00edficas que regem a sua atividade, a fim de otimizar a sua contabilidade e cumprir as suas obriga\u00e7\u00f5es declarativas. O regime do IVA aplic\u00e1vel aos advogados tem algumas particularidades que devem ser analisadas em pormenor, nomeadamente no \u00e2mbito do <a href=\"https:\/\/www.legalprod.com\/pt-pt\/regime-fiscal-bnc-2\/\">regime fiscal do BNC<\/a>.  <\/p><h2>O que \u00e9 o IVA para os advogados?<\/h2><p>O IVA aplic\u00e1vel aos advogados refere-se ao conjunto das regras do imposto sobre o valor acrescentado aplic\u00e1veis aos profissionais do direito. Enquanto advogado, \u00e9s considerado um prestador de servi\u00e7os e, por conseguinte, deves cobrar IVA sobre os teus honor\u00e1rios. A taxa normal \u00e9 de 20% sobre todos os teus servi\u00e7os jur\u00eddicos.  <\/p><p>O teu estatuto fiscal determina as tuas obriga\u00e7\u00f5es em mat\u00e9ria de IVA. Em fun\u00e7\u00e3o do teu volume de neg\u00f3cios e da tua escolha de regime fiscal, podes estar sujeito a diferentes modalidades de declara\u00e7\u00e3o e de pagamento deste imposto. <\/p><h2>Regimes de IVA aplic\u00e1veis aos advogados<\/h2><h3>Isen\u00e7\u00e3o de base do IVA<\/h3><p>Se o teu volume de neg\u00f3cios anual n\u00e3o exceder 37 500 euros (limiar de base), est\u00e1s automaticamente isento de IVA de base. Um limiar de toler\u00e2ncia de 39 100 euros permite-lhe manter esta isen\u00e7\u00e3o se o limiar de base for ultrapassado ocasionalmente. Neste sistema, n\u00e3o tens de faturar nem de declarar o IVA. Por conseguinte, deves incluir nas tuas facturas a men\u00e7\u00e3o legal: &#8220;IVA n\u00e3o aplic\u00e1vel, artigo 293 B do C\u00f3digo Geral dos Impostos&#8221;.   <\/p><p>Estes limiares s\u00e3o calculados para os anos civis anterior e atual. Se ultrapassares o limiar aumentado de 39 100 euros, perdes o benef\u00edcio da isen\u00e7\u00e3o a partir do primeiro dia do m\u00eas em que o ultrapassas e passas a estar sujeito a IVA a partir do primeiro euro do volume de neg\u00f3cios. Esta regra exige uma vigil\u00e2ncia especial se a tua empresa se aproxima destes montantes.  <\/p><p>Esta isen\u00e7\u00e3o tem a vantagem de simplificar a tua gest\u00e3o administrativa. No entanto, n\u00e3o podes reclamar o IVA sobre as compras da tua empresa, o que pode ser uma desvantagem em fun\u00e7\u00e3o da tua estrutura de custos. <\/p><h3>O Regime Imobili\u00e1rio Simplificado<\/h3><p>Se o seu volume de neg\u00f3cios se situa entre 37 500 euros e 254 000 euros, est\u00e1 abrangido pelo regime simplificado real. Deve faturar o IVA aos seus clientes e pagar duas presta\u00e7\u00f5es semestrais calculadas com base no IVA devido no ano anterior: a primeira presta\u00e7\u00e3o representa 55% e deve ser paga antes de 24 de julho, enquanto a segunda representa 40% e deve ser paga antes de 24 de dezembro. O acerto final \u00e9 efectuado na <a href=\"https:\/\/www.legalprod.com\/comptabilite-avocat\/regime-fiscal-bnc\/declaration-2035-avocat\/\">declara\u00e7\u00e3o anual 2035 do advogado<\/a>, acompanhada da declara\u00e7\u00e3o CA12, que deve ser entregue at\u00e9 ao 2.\u00ba dia \u00fatil seguinte ao dia 1 de maio.  <\/p><p>Este regime permite-te deduzir o IVA sobre as despesas da tua empresa, o que pode gerar um cr\u00e9dito de IVA que pode ser reembolsado ou compensado nos per\u00edodos seguintes. O mecanismo de regulariza\u00e7\u00e3o anual compara o IVA efetivamente devido para o ano com as presta\u00e7\u00f5es pagas: se as presta\u00e7\u00f5es forem insuficientes, ter\u00e1s de pagar mais; inversamente, se tiveres pago a mais, obter\u00e1s um reembolso ou um cr\u00e9dito que pode ser transportado. <\/p><h3>O Regime Normal Real<\/h3><p>Se o seu volume de neg\u00f3cios for superior a 254 000 euros, passar\u00e1 automaticamente para o regime normal do IVA. Deve declarar e pagar o IVA mensalmente atrav\u00e9s da declara\u00e7\u00e3o CA3, que deve ser entregue e paga eletronicamente at\u00e9 ao dia 24 de cada m\u00eas, relativamente \u00e0s opera\u00e7\u00f5es do m\u00eas anterior. A declara\u00e7\u00e3o \u00e0 dist\u00e2ncia e o pagamento \u00e0 dist\u00e2ncia s\u00e3o obrigat\u00f3rios para este sistema, que exige que utilizes o teu espa\u00e7o profissional no s\u00edtio Web das finan\u00e7as.  <\/p><p>Esta obriga\u00e7\u00e3o mensal implica uma gest\u00e3o contabil\u00edstica mais rigorosa e regular. No entanto, se o teu IVA anual for inferior a 4.000 euros, podes optar por uma declara\u00e7\u00e3o trimestral, o que aliviar\u00e1 a tua carga administrativa, sem deixar de respeitar o regime normal de tributa\u00e7\u00e3o efectiva. <\/p><p>Este sistema permite uma melhor gest\u00e3o da tesouraria das empresas com grandes investimentos, pois permite recuperar rapidamente o IVA dedut\u00edvel nas compras da empresa. A periodicidade mensal das declara\u00e7\u00f5es permite igualmente acompanhar de perto a sua situa\u00e7\u00e3o fiscal e antecipar as suas necessidades de tesouraria. <\/p><h2>Deduzir o IVA das despesas<\/h2><p>Se estiveres sujeito a IVA, podes recuperar o imposto pago sobre as compras da tua empresa. Isto aplica-se, nomeadamente, \u00e0 documenta\u00e7\u00e3o jur\u00eddica, \u00e0s subscri\u00e7\u00f5es de software profissional, ao material de escrit\u00f3rio, \u00e0s despesas de desloca\u00e7\u00e3o e \u00e0 forma\u00e7\u00e3o profissional. A recupera\u00e7\u00e3o deste IVA melhora diretamente o teu fluxo de caixa e reduz o custo real dos teus investimentos.  <\/p><p>No entanto, \u00e9 preciso ter em conta as exclus\u00f5es e limita\u00e7\u00f5es: o IVA sobre os ve\u00edculos de passageiros n\u00e3o \u00e9 geralmente dedut\u00edvel, exceto no caso dos ve\u00edculos comerciais, que s\u00e3o totalmente dedut\u00edveis. Para certos ve\u00edculos mistos, pode ser aplicado um coeficiente de dedu\u00e7\u00e3o de 80% em fun\u00e7\u00e3o da sua utiliza\u00e7\u00e3o profissional. No que diz respeito ao combust\u00edvel, o IVA \u00e9 parcialmente dedut\u00edvel em fun\u00e7\u00e3o do tipo de ve\u00edculo e do combust\u00edvel utilizado: por exemplo, a dedu\u00e7\u00e3o \u00e9 total para o gas\u00f3leo dos ve\u00edculos comerciais, mas limitada para os ve\u00edculos de passageiros. O IVA sobre as despesas de restaura\u00e7\u00e3o e certas despesas de representa\u00e7\u00e3o continua a n\u00e3o ser dedut\u00edvel. Deves conservar todos os documentos comprovativos durante, pelo menos, 6 anos, para que possas justificar as tuas dedu\u00e7\u00f5es em caso de controlo fiscal.    <\/p><h2>Obriga\u00e7\u00f5es espec\u00edficas de comunica\u00e7\u00e3o<\/h2><p>O teu regime de IVA determina as tuas obriga\u00e7\u00f5es de declara\u00e7\u00e3o. No \u00e2mbito do regime <a href=\"https:\/\/www.legalprod.com\/comptabilite-avocat\/regime-fiscal-bnc\/bnc-avocat\/\">jur\u00eddico do BNC<\/a>, tens de manter uma contabilidade de caixa que registe as receitas e despesas reais. Estas contas simplificadas constituem a base das tuas declara\u00e7\u00f5es fiscais.  <\/p><p>No regime simplificado de autoliquida\u00e7\u00e3o, preenche uma declara\u00e7\u00e3o anual CA12, juntamente com os modelos 3310-A. O regime imobili\u00e1rio normal exige uma declara\u00e7\u00e3o mensal CA3, com um maior n\u00edvel de detalhe relativamente a todas as suas opera\u00e7\u00f5es tribut\u00e1veis. Estas declara\u00e7\u00f5es devem ser entregues por via eletr\u00f3nica dentro do prazo para evitar penaliza\u00e7\u00f5es.  <\/p><h2>A op\u00e7\u00e3o do sistema de IVA<\/h2><p>Mesmo que beneficie da isen\u00e7\u00e3o de base, pode optar voluntariamente por um regime de IVA efetivo. Esta op\u00e7\u00e3o pode ser vantajosa se fizeres investimentos importantes ou se as tuas despesas dedut\u00edveis gerarem um IVA significativo. Permite, nomeadamente, recuperar o IVA sobre os investimentos de arranque, o que pode representar uma vantagem financeira substancial quando se lan\u00e7a uma empresa.  <\/p><p>As modalidades de exerc\u00edcio desta op\u00e7\u00e3o variam consoante a tua situa\u00e7\u00e3o. Se estiver a criar a sua empresa, deve dar a conhecer a op\u00e7\u00e3o \u00e0s autoridades fiscais no prazo de 15 dias a contar da sua declara\u00e7\u00e3o de exist\u00eancia. Se, pelo contr\u00e1rio, j\u00e1 exerce a sua atividade e pretende optar por um regime de IVA efetivo, deve faz\u00ea-lo antes de 1 de fevereiro para aplicar a partir de 1 de janeiro do ano em curso. Esta distin\u00e7\u00e3o temporal \u00e9 essencial para evitar qualquer atraso na aplica\u00e7\u00e3o da tua op\u00e7\u00e3o fiscal.   <\/p><p>A op\u00e7\u00e3o obriga-te por um per\u00edodo m\u00ednimo de dois anos, o que significa que n\u00e3o podes voltar \u00e0 isen\u00e7\u00e3o de base antes do final desse per\u00edodo. Por conseguinte, \u00e9 necess\u00e1rio avaliar o impacto financeiro exato antes de tomar esta decis\u00e3o, comparando o montante do IVA que poder\u00e1 recuperar sobre as suas despesas com as obriga\u00e7\u00f5es administrativas adicionais associadas \u00e0s declara\u00e7\u00f5es regulares. A op\u00e7\u00e3o s\u00f3 pode ser retirada no final do per\u00edodo de compromisso de dois anos e deve tamb\u00e9m ser efectuada dentro dos prazos regulamentares.  <\/p><h3>Casos especiais: Micro-BNC e IVA<\/h3><p>Se estiver abrangido pelo regime <a href=\"https:\/\/www.legalprod.com\/comptabilite-avocat\/regime-fiscal-bnc\/micro-bnc-avocat\/\">micro BNC para os advogados<\/a>, fica automaticamente isento do IVA de base, desde que o seu volume de neg\u00f3cios anual n\u00e3o exceda 77 700 euros. Este regime ultra-simplificado n\u00e3o lhe permite deduzir o IVA das suas compras profissionais, mas dispensa-o de efetuar qualquer declara\u00e7\u00e3o de IVA e simplifica consideravelmente as suas obriga\u00e7\u00f5es administrativas. No entanto, deves mencionar nas tuas facturas a refer\u00eancia ao artigo 293 B do C\u00f3digo Geral dos Impostos.  <\/p><p>Se passar volunt\u00e1ria ou obrigatoriamente para um regime real de IVA, deixa automaticamente de estar abrangido pelo regime micro-BNC, com todas as obriga\u00e7\u00f5es contabil\u00edsticas que lhe est\u00e3o associadas. Ter\u00e1 ent\u00e3o de manter uma contabilidade de caixa pormenorizada, elaborar regularmente declara\u00e7\u00f5es de IVA e cumprir todas as formalidades associadas ao regime efetivo. Esta transi\u00e7\u00e3o exige uma grande capacidade de previs\u00e3o e de organiza\u00e7\u00e3o administrativa, nomeadamente no que se refere \u00e0 contabilidade e ao controlo das receitas de caixa.  <\/p><h2>Fatura\u00e7\u00e3o e IVA: informa\u00e7\u00f5es obrigat\u00f3rias<\/h2><p>As tuas facturas devem incluir um certo n\u00famero de men\u00e7\u00f5es legais para estarem em conformidade com a regulamenta\u00e7\u00e3o. No que diz respeito ao IVA, deve indicar a taxa aplicada (geralmente 20%), o montante sem imposto, o montante do IVA e o montante com todos os impostos inclu\u00eddos. Se estiveres sujeito a IVA, o teu n\u00famero de IVA intracomunit\u00e1rio (no formato FR + 2 d\u00edgitos + n\u00famero SIREN) deve igualmente figurar na fatura. Para al\u00e9m destes dados fiscais, cada fatura deve incluir o seu n\u00famero SIRET, a data de emiss\u00e3o, um n\u00famero \u00fanico e cronol\u00f3gico, a identidade completa da sua empresa e do cliente, bem como uma descri\u00e7\u00e3o precisa do servi\u00e7o jur\u00eddico prestado.   <\/p><p>Se estiveres isento de IVA, deves consultar o artigo 293 B do C\u00f3digo Geral dos Impostos e indicar que o IVA n\u00e3o \u00e9 aplic\u00e1vel. Se n\u00e3o o fizeres, poder\u00e1s incorrer em san\u00e7\u00f5es fiscais em caso de auditoria. Deves tamb\u00e9m antecipar a introdu\u00e7\u00e3o progressiva da obriga\u00e7\u00e3o de fatura\u00e7\u00e3o eletr\u00f3nica, que se aplicar\u00e1 a todos os profissionais, de acordo com um calend\u00e1rio de aplica\u00e7\u00e3o estabelecido pela administra\u00e7\u00e3o fiscal.  <\/p><h2>Otimizar a sua gest\u00e3o do IVA<\/h2><p>Uma gest\u00e3o rigorosa do IVA exige ferramentas adequadas. \u00c9 necess\u00e1rio manter um registo exato das suas receitas e despesas, distinguir entre o IVA cobrado e o IVA dedut\u00edvel e cumprir escrupulosamente os prazos de declara\u00e7\u00e3o. <\/p><p>A utiliza\u00e7\u00e3o de um software de contabilidade especializado permite-lhe automatizar estas tarefas e assegurar os seus rendimentos. Isto poupa-lhe tempo na gest\u00e3o administrativa, permitindo-lhe concentrar-se na sua atividade jur\u00eddica principal. A integra\u00e7\u00e3o destas ferramentas nas suas <a href=\"https:\/\/www.legalprod.com\/pt-pt\/legal-operations-2\/\">opera\u00e7\u00f5es jur\u00eddicas<\/a> quotidianas melhora significativamente a sua efici\u00eancia operacional.  <\/p><p>Dominar o regime de IVA aplic\u00e1vel \u00e0 tua atividade \u00e9 um elemento essencial para o teu sucesso profissional. \u00c9 necess\u00e1rio adaptar a escolha do sistema \u00e0 sua situa\u00e7\u00e3o espec\u00edfica, tendo em conta o seu volume de neg\u00f3cios, os seus investimentos e a sua capacidade de gerir as suas obriga\u00e7\u00f5es declarativas. Uma an\u00e1lise regular da sua situa\u00e7\u00e3o fiscal permitir-lhe-\u00e1 otimizar a sua tesouraria e cumprir todas as suas obriga\u00e7\u00f5es legais.  <\/p><h3>IVA e servi\u00e7os internacionais<\/h3><p>O princ\u00edpio da <strong>territorialidade do IVA<\/strong> \u00e9 um elemento-chave quando se trata de servi\u00e7os jur\u00eddicos internacionais. Os servi\u00e7os prestados a clientes estabelecidos <strong>fora de Fran\u00e7a<\/strong> podem estar <strong>isentos de IVA<\/strong>, o que constitui uma vantagem competitiva importante para os advogados. <br\/> Para os clientes estabelecidos na Uni\u00e3o Europeia, o IVA \u00e9 cobrado de acordo com o princ\u00edpio do local de estabelecimento do cliente, ou seja, \u00e9 aplic\u00e1vel a autoliquida\u00e7\u00e3o pelo cliente. Nestes casos, \u00e9 essencial indicar &#8220;reverse charge&#8221; nas facturas para evitar complica\u00e7\u00f5es fiscais.    <br\/><br\/>  Para os clientes <strong>fora da UE<\/strong>, as regras s\u00e3o ligeiramente diferentes. Os servi\u00e7os de consultoria est\u00e3o isentos de IVA e \u00e9 essencial indicar &#8220;Isen\u00e7\u00e3o de IVA &#8211; artigo 259-1 do CGI&#8221; nos documentos de fatura\u00e7\u00e3o.   <br\/><br\/>  Para as transac\u00e7\u00f5es intracomunit\u00e1rias, a <strong>declara\u00e7\u00e3o de troca de servi\u00e7os (DES)<\/strong> \u00e9 obrigat\u00f3ria a partir do momento em que s\u00e3o ultrapassados determinados limiares. <br\/> Todas estas transac\u00e7\u00f5es internacionais devem ser inclu\u00eddas nas declara\u00e7\u00f5es CA3 ou CA12 em rubricas espec\u00edficas, a fim de respeitar a legisla\u00e7\u00e3o em vigor.<\/p>\n        <\/div>\n        <div id=\"FAQ-Zloop\">\n        <div>\n<h2>Perguntas frequentes<\/h2>\n<p>O regime do IVA para os advogados levanta muitas quest\u00f5es pr\u00e1ticas. Eis as respostas \u00e0s perguntas mais frequentes sobre a gest\u00e3o do IVA para as profiss\u00f5es jur\u00eddicas. <\/p>\n<h3>Qual \u00e9 o regime de IVA aplic\u00e1vel aos advogados?<\/h3>\n<p>O regime de IVA dos advogados \u00e9 o conjunto de regras fiscais que regem a aplica\u00e7\u00e3o do imposto sobre o valor acrescentado \u00e0s presta\u00e7\u00f5es de servi\u00e7os jur\u00eddicos. Em Fran\u00e7a, os advogados est\u00e3o sujeitos a IVA \u00e0 taxa normal de 20% sobre os seus honor\u00e1rios. Devem faturar este imposto aos seus clientes, cobr\u00e1-lo e pag\u00e1-lo \u00e0s autoridades fiscais. Este sistema permite-lhes igualmente deduzir o IVA sobre as despesas profissionais efectuadas no exerc\u00edcio da sua atividade.   <\/p>\n<h3>Como \u00e9 que um advogado pode cumprir as normas do IVA?<\/h3>\n<p>Para respeitar a regulamenta\u00e7\u00e3o relativa ao IVA, o advogado deve cumprir um certo n\u00famero de obriga\u00e7\u00f5es: inscrever-se no registo do IVA desde o in\u00edcio da sua atividade, emitir facturas conformes com a taxa de IVA aplicada, manter uma contabilidade rigorosa que distinga o IVA cobrado do IVA dedut\u00edvel e apresentar as suas declara\u00e7\u00f5es de IVA dentro dos prazos fixados. \u00c9 igualmente essencial conservar todos os documentos comprovativos durante o per\u00edodo legal e manter-se a par das altera\u00e7\u00f5es da regulamenta\u00e7\u00e3o fiscal. <\/p>\n<h3>Quais s\u00e3o as melhores pr\u00e1ticas para gerir o IVA num escrit\u00f3rio de advogados?<\/h3>\n<p>As melhores pr\u00e1ticas incluem a aplica\u00e7\u00e3o de um sistema de fatura\u00e7\u00e3o automatizado, a separa\u00e7\u00e3o clara entre despesas profissionais e pessoais e a verifica\u00e7\u00e3o sistem\u00e1tica do IVA dedut\u00edvel nas compras. Recomenda-se a realiza\u00e7\u00e3o de reconcilia\u00e7\u00f5es mensais entre o IVA cobrado e o IVA dedut\u00edvel, a constitui\u00e7\u00e3o de provis\u00f5es para montantes a reembolsar e a forma\u00e7\u00e3o do pessoal administrativo em mat\u00e9ria de regras do IVA. O acompanhamento regular por um contabilista especializado pode ajudar a evitar erros dispendiosos e a otimizar a gest\u00e3o da tesouraria. Para facilitar o c\u00e1lculo do IVA sobre os teus servi\u00e7os, podes utilizar um <a href=\"https:\/\/www.legalprod.com\/pt-pt\/simulador-de-honorarios-judiciais\/\">simulador de honor\u00e1rios jur\u00eddicos<\/a>.   <\/p>\n<h3>Que ferramentas podem ajudar os advogados a gerir o seu IVA?<\/h3>\n<p>O software de gest\u00e3o para advogados \u00e9 uma das ferramentas mais eficazes para gerir o IVA. Estas solu\u00e7\u00f5es automatizam o c\u00e1lculo do IVA nas facturas, facilitam o controlo do IVA dedut\u00edvel e geram declara\u00e7\u00f5es fiscais. Podem tamb\u00e9m produzir relat\u00f3rios detalhados e arquivar eletronicamente os documentos comprovativos. Alguns pacotes de software integram-se diretamente com os sistemas de contabilidade e oferecem pain\u00e9is de controlo que permitem visualizar a situa\u00e7\u00e3o do IVA da empresa em tempo real. Um <a href=\"https:\/\/www.legalprod.com\/pt-pt\/software-de-faturacao\/\">software de fatura\u00e7\u00e3o<\/a> adequado pode simplificar consideravelmente estes processos.    <\/p>\n<h3>Quais s\u00e3o as principais etapas da declara\u00e7\u00e3o de IVA dos advogados?<\/h3>\n<p>A declara\u00e7\u00e3o de IVA obedece a um processo de v\u00e1rias etapas: c\u00e1lculo do IVA cobrado sobre todas as taxas facturadas, identifica\u00e7\u00e3o e totaliza\u00e7\u00e3o do IVA dedut\u00edvel sobre as despesas da empresa, determina\u00e7\u00e3o do saldo de IVA a pagar ou do cr\u00e9dito de IVA, preenchimento do formul\u00e1rio de declara\u00e7\u00e3o adequado (CA3 para o regime real normal ou CA12 para o regime simplificado) e transmiss\u00e3o eletr\u00f3nica da declara\u00e7\u00e3o atrav\u00e9s do portal das finan\u00e7as dentro dos prazos legais, geralmente mensais ou trimestrais consoante o regime escolhido.<\/p>\n<\/div>\n        <\/div>\n        <div class=\"arianezloopglobale\">\n        <h2 class=\"articlesConnexesZloop\">Artigos relacionados<\/h2>\n        <div id=\"arianezloop\">\n            <p><a href=\"https:\/\/www.legalprod.com\/pt-pt\/comptabilite-avocat-2\/\"><span class=\"parentarianezloop\">Advogado de contabilidade<\/span><\/a><\/p><p><a href=\"https:\/\/www.legalprod.com\/pt-pt\/regime-fiscal-bnc-2\/\"><span class=\"parentarianezloop\">Regime fiscal da BNC<\/span><\/a><\/p>\n            <div id=\"ariane-enfant\">\n            <p><a href=\"https:\/\/www.legalprod.com\/comptabilite-avocat\/regime-fiscal-bnc\/tva-avocat\/\"><span class=\"parentarianezloop\">Advogado de IVA<\/span><\/a><\/p>\n            <ul>\n            \n            <\/ul>\n            <\/div>\n            <\/div>\n        <\/div>","protected":false},"excerpt":{"rendered":"<p>VAT Lawyers : Compreender o regime do IVA para as profiss\u00f5es jur\u00eddicas A gest\u00e3o do IVA \u00e9 um grande desafio para os advogados independentes. \u00c9 necess\u00e1rio dominar as regras fiscais espec\u00edficas que regem a sua atividade, a fim de otimizar a sua contabilidade e cumprir as suas obriga\u00e7\u00f5es declarativas. O regime do IVA aplic\u00e1vel aos [&hellip;]<\/p>\n","protected":false},"author":3,"featured_media":20647,"comment_status":"closed","ping_status":"open","sticky":false,"template":"","format":"standard","meta":{"_et_pb_use_builder":"","_et_pb_old_content":"","_et_gb_content_width":"","_monsterinsights_skip_tracking":false,"_monsterinsights_sitenote_active":false,"_monsterinsights_sitenote_note":"","_monsterinsights_sitenote_category":0,"footnotes":""},"categories":[466],"tags":[],"class_list":["post-20652","post","type-post","status-publish","format-standard","has-post-thumbnail","hentry","category-advogado-de-contabilidade"],"yoast_head":"<!-- This site is optimized with the Yoast SEO plugin v27.5 - https:\/\/yoast.com\/product\/yoast-seo-wordpress\/ -->\n<title>IVA para advogados: domina os 3 sistemas (guia 2026) - LEGALPROD<\/title>\n<meta name=\"robots\" content=\"index, follow, max-snippet:-1, max-image-preview:large, max-video-preview:-1\" \/>\n<link rel=\"canonical\" href=\"https:\/\/www.legalprod.com\/pt-pt\/iva-para-advogados-domina-os-3-sistemas-guia-currentyear\/\" \/>\n<meta property=\"og:locale\" content=\"pt_PT\" \/>\n<meta property=\"og:type\" content=\"article\" \/>\n<meta property=\"og:title\" content=\"IVA para advogados: domina os 3 sistemas (guia 2026) - LEGALPROD\" \/>\n<meta property=\"og:description\" content=\"VAT Lawyers : Compreender o regime do IVA para as profiss\u00f5es jur\u00eddicas A gest\u00e3o do IVA \u00e9 um grande desafio para os advogados independentes. \u00c9 necess\u00e1rio dominar as regras fiscais espec\u00edficas que regem a sua atividade, a fim de otimizar a sua contabilidade e cumprir as suas obriga\u00e7\u00f5es declarativas. O regime do IVA aplic\u00e1vel aos [&hellip;]\" \/>\n<meta property=\"og:url\" content=\"https:\/\/www.legalprod.com\/pt-pt\/iva-para-advogados-domina-os-3-sistemas-guia-currentyear\/\" \/>\n<meta property=\"og:site_name\" content=\"LEGALPROD\" \/>\n<meta property=\"article:published_time\" content=\"2026-03-12T15:19:44+00:00\" \/>\n<meta property=\"article:modified_time\" content=\"2026-03-12T15:20:52+00:00\" \/>\n<meta property=\"og:image\" content=\"https:\/\/www.legalprod.com\/wp-content\/uploads\/2026\/03\/tva-avocat-1024x683.png\" \/>\n\t<meta property=\"og:image:width\" content=\"1024\" \/>\n\t<meta property=\"og:image:height\" content=\"683\" \/>\n\t<meta property=\"og:image:type\" content=\"image\/png\" \/>\n<meta name=\"author\" content=\"Team LegalProd\" \/>\n<meta name=\"twitter:card\" content=\"summary_large_image\" \/>\n<meta name=\"twitter:label1\" content=\"Escrito por\" \/>\n\t<meta name=\"twitter:data1\" content=\"Team LegalProd\" \/>\n\t<meta name=\"twitter:label2\" content=\"Tempo estimado de leitura\" \/>\n\t<meta name=\"twitter:data2\" content=\"13 minutos\" \/>\n<script type=\"application\/ld+json\" class=\"yoast-schema-graph\">{\"@context\":\"https:\\\/\\\/schema.org\",\"@graph\":[{\"@type\":\"Article\",\"@id\":\"https:\\\/\\\/www.legalprod.com\\\/pt-pt\\\/iva-para-advogados-domina-os-3-sistemas-guia-currentyear\\\/#article\",\"isPartOf\":{\"@id\":\"https:\\\/\\\/www.legalprod.com\\\/pt-pt\\\/iva-para-advogados-domina-os-3-sistemas-guia-currentyear\\\/\"},\"author\":{\"name\":\"Team LegalProd\",\"@id\":\"https:\\\/\\\/www.legalprod.com\\\/pt-pt\\\/#\\\/schema\\\/person\\\/25526da464038d4aa345e8c5fd8f9dc4\"},\"headline\":\"IVA para advogados: domina os 3 sistemas (guia 2026)\",\"datePublished\":\"2026-03-12T15:19:44+00:00\",\"dateModified\":\"2026-03-12T15:20:52+00:00\",\"mainEntityOfPage\":{\"@id\":\"https:\\\/\\\/www.legalprod.com\\\/pt-pt\\\/iva-para-advogados-domina-os-3-sistemas-guia-currentyear\\\/\"},\"wordCount\":2681,\"publisher\":{\"@id\":\"https:\\\/\\\/www.legalprod.com\\\/pt-pt\\\/#organization\"},\"image\":{\"@id\":\"https:\\\/\\\/www.legalprod.com\\\/pt-pt\\\/iva-para-advogados-domina-os-3-sistemas-guia-currentyear\\\/#primaryimage\"},\"thumbnailUrl\":\"https:\\\/\\\/www.legalprod.com\\\/wp-content\\\/uploads\\\/2026\\\/03\\\/tva-avocat.png\",\"articleSection\":[\"Advogado de contabilidade\"],\"inLanguage\":\"pt-PT\"},{\"@type\":\"WebPage\",\"@id\":\"https:\\\/\\\/www.legalprod.com\\\/pt-pt\\\/iva-para-advogados-domina-os-3-sistemas-guia-currentyear\\\/\",\"url\":\"https:\\\/\\\/www.legalprod.com\\\/pt-pt\\\/iva-para-advogados-domina-os-3-sistemas-guia-currentyear\\\/\",\"name\":\"IVA para advogados: domina os 3 sistemas (guia %%currentYear%%) - LEGALPROD\",\"isPartOf\":{\"@id\":\"https:\\\/\\\/www.legalprod.com\\\/pt-pt\\\/#website\"},\"primaryImageOfPage\":{\"@id\":\"https:\\\/\\\/www.legalprod.com\\\/pt-pt\\\/iva-para-advogados-domina-os-3-sistemas-guia-currentyear\\\/#primaryimage\"},\"image\":{\"@id\":\"https:\\\/\\\/www.legalprod.com\\\/pt-pt\\\/iva-para-advogados-domina-os-3-sistemas-guia-currentyear\\\/#primaryimage\"},\"thumbnailUrl\":\"https:\\\/\\\/www.legalprod.com\\\/wp-content\\\/uploads\\\/2026\\\/03\\\/tva-avocat.png\",\"datePublished\":\"2026-03-12T15:19:44+00:00\",\"dateModified\":\"2026-03-12T15:20:52+00:00\",\"breadcrumb\":{\"@id\":\"https:\\\/\\\/www.legalprod.com\\\/pt-pt\\\/iva-para-advogados-domina-os-3-sistemas-guia-currentyear\\\/#breadcrumb\"},\"inLanguage\":\"pt-PT\",\"potentialAction\":[{\"@type\":\"ReadAction\",\"target\":[\"https:\\\/\\\/www.legalprod.com\\\/pt-pt\\\/iva-para-advogados-domina-os-3-sistemas-guia-currentyear\\\/\"]}]},{\"@type\":\"ImageObject\",\"inLanguage\":\"pt-PT\",\"@id\":\"https:\\\/\\\/www.legalprod.com\\\/pt-pt\\\/iva-para-advogados-domina-os-3-sistemas-guia-currentyear\\\/#primaryimage\",\"url\":\"https:\\\/\\\/www.legalprod.com\\\/wp-content\\\/uploads\\\/2026\\\/03\\\/tva-avocat.png\",\"contentUrl\":\"https:\\\/\\\/www.legalprod.com\\\/wp-content\\\/uploads\\\/2026\\\/03\\\/tva-avocat.png\",\"width\":1536,\"height\":1024,\"caption\":\"Image illustrant tva avocat\"},{\"@type\":\"BreadcrumbList\",\"@id\":\"https:\\\/\\\/www.legalprod.com\\\/pt-pt\\\/iva-para-advogados-domina-os-3-sistemas-guia-currentyear\\\/#breadcrumb\",\"itemListElement\":[{\"@type\":\"ListItem\",\"position\":1,\"name\":\"Accueil\",\"item\":\"https:\\\/\\\/www.legalprod.com\\\/pt-pt\\\/\"},{\"@type\":\"ListItem\",\"position\":2,\"name\":\"IVA para advogados: domina os 3 sistemas (guia 2026)\"}]},{\"@type\":\"WebSite\",\"@id\":\"https:\\\/\\\/www.legalprod.com\\\/pt-pt\\\/#website\",\"url\":\"https:\\\/\\\/www.legalprod.com\\\/pt-pt\\\/\",\"name\":\"LEGALPROD\",\"description\":\"La plateforme intelligente des avocats performants\",\"publisher\":{\"@id\":\"https:\\\/\\\/www.legalprod.com\\\/pt-pt\\\/#organization\"},\"potentialAction\":[{\"@type\":\"SearchAction\",\"target\":{\"@type\":\"EntryPoint\",\"urlTemplate\":\"https:\\\/\\\/www.legalprod.com\\\/pt-pt\\\/?s={search_term_string}\"},\"query-input\":{\"@type\":\"PropertyValueSpecification\",\"valueRequired\":true,\"valueName\":\"search_term_string\"}}],\"inLanguage\":\"pt-PT\"},{\"@type\":\"Organization\",\"@id\":\"https:\\\/\\\/www.legalprod.com\\\/pt-pt\\\/#organization\",\"name\":\"LEGALPROD\",\"url\":\"https:\\\/\\\/www.legalprod.com\\\/pt-pt\\\/\",\"logo\":{\"@type\":\"ImageObject\",\"inLanguage\":\"pt-PT\",\"@id\":\"https:\\\/\\\/www.legalprod.com\\\/pt-pt\\\/#\\\/schema\\\/logo\\\/image\\\/\",\"url\":\"https:\\\/\\\/www.legalprod.com\\\/wp-content\\\/uploads\\\/2022\\\/11\\\/legalprod.png\",\"contentUrl\":\"https:\\\/\\\/www.legalprod.com\\\/wp-content\\\/uploads\\\/2022\\\/11\\\/legalprod.png\",\"width\":420,\"height\":127,\"caption\":\"LEGALPROD\"},\"image\":{\"@id\":\"https:\\\/\\\/www.legalprod.com\\\/pt-pt\\\/#\\\/schema\\\/logo\\\/image\\\/\"},\"sameAs\":[\"https:\\\/\\\/www.linkedin.com\\\/company\\\/legalprod\"]},{\"@type\":\"Person\",\"@id\":\"https:\\\/\\\/www.legalprod.com\\\/pt-pt\\\/#\\\/schema\\\/person\\\/25526da464038d4aa345e8c5fd8f9dc4\",\"name\":\"Team LegalProd\",\"image\":{\"@type\":\"ImageObject\",\"inLanguage\":\"pt-PT\",\"@id\":\"https:\\\/\\\/secure.gravatar.com\\\/avatar\\\/1c3c7c48b0038c51ba83478ea83671ea74b6f9f6ba96ef408e957139ba8d6724?s=96&d=mm&r=g\",\"url\":\"https:\\\/\\\/secure.gravatar.com\\\/avatar\\\/1c3c7c48b0038c51ba83478ea83671ea74b6f9f6ba96ef408e957139ba8d6724?s=96&d=mm&r=g\",\"contentUrl\":\"https:\\\/\\\/secure.gravatar.com\\\/avatar\\\/1c3c7c48b0038c51ba83478ea83671ea74b6f9f6ba96ef408e957139ba8d6724?s=96&d=mm&r=g\",\"caption\":\"Team LegalProd\"},\"url\":\"https:\\\/\\\/www.legalprod.com\\\/pt-pt\\\/author\\\/team-legalprod\\\/\"}]}<\/script>\n<!-- \/ Yoast SEO plugin. -->","yoast_head_json":{"title":"IVA para advogados: domina os 3 sistemas (guia 2026) - LEGALPROD","robots":{"index":"index","follow":"follow","max-snippet":"max-snippet:-1","max-image-preview":"max-image-preview:large","max-video-preview":"max-video-preview:-1"},"canonical":"https:\/\/www.legalprod.com\/pt-pt\/iva-para-advogados-domina-os-3-sistemas-guia-currentyear\/","og_locale":"pt_PT","og_type":"article","og_title":"IVA para advogados: domina os 3 sistemas (guia 2026) - LEGALPROD","og_description":"VAT Lawyers : Compreender o regime do IVA para as profiss\u00f5es jur\u00eddicas A gest\u00e3o do IVA \u00e9 um grande desafio para os advogados independentes. \u00c9 necess\u00e1rio dominar as regras fiscais espec\u00edficas que regem a sua atividade, a fim de otimizar a sua contabilidade e cumprir as suas obriga\u00e7\u00f5es declarativas. O regime do IVA aplic\u00e1vel aos [&hellip;]","og_url":"https:\/\/www.legalprod.com\/pt-pt\/iva-para-advogados-domina-os-3-sistemas-guia-currentyear\/","og_site_name":"LEGALPROD","article_published_time":"2026-03-12T15:19:44+00:00","article_modified_time":"2026-03-12T15:20:52+00:00","og_image":[{"width":1024,"height":683,"url":"https:\/\/www.legalprod.com\/wp-content\/uploads\/2026\/03\/tva-avocat-1024x683.png","type":"image\/png"}],"author":"Team LegalProd","twitter_card":"summary_large_image","twitter_misc":{"Escrito por":"Team LegalProd","Tempo estimado de leitura":"13 minutos"},"schema":{"@context":"https:\/\/schema.org","@graph":[{"@type":"Article","@id":"https:\/\/www.legalprod.com\/pt-pt\/iva-para-advogados-domina-os-3-sistemas-guia-currentyear\/#article","isPartOf":{"@id":"https:\/\/www.legalprod.com\/pt-pt\/iva-para-advogados-domina-os-3-sistemas-guia-currentyear\/"},"author":{"name":"Team LegalProd","@id":"https:\/\/www.legalprod.com\/pt-pt\/#\/schema\/person\/25526da464038d4aa345e8c5fd8f9dc4"},"headline":"IVA para advogados: domina os 3 sistemas (guia 2026)","datePublished":"2026-03-12T15:19:44+00:00","dateModified":"2026-03-12T15:20:52+00:00","mainEntityOfPage":{"@id":"https:\/\/www.legalprod.com\/pt-pt\/iva-para-advogados-domina-os-3-sistemas-guia-currentyear\/"},"wordCount":2681,"publisher":{"@id":"https:\/\/www.legalprod.com\/pt-pt\/#organization"},"image":{"@id":"https:\/\/www.legalprod.com\/pt-pt\/iva-para-advogados-domina-os-3-sistemas-guia-currentyear\/#primaryimage"},"thumbnailUrl":"https:\/\/www.legalprod.com\/wp-content\/uploads\/2026\/03\/tva-avocat.png","articleSection":["Advogado de contabilidade"],"inLanguage":"pt-PT"},{"@type":"WebPage","@id":"https:\/\/www.legalprod.com\/pt-pt\/iva-para-advogados-domina-os-3-sistemas-guia-currentyear\/","url":"https:\/\/www.legalprod.com\/pt-pt\/iva-para-advogados-domina-os-3-sistemas-guia-currentyear\/","name":"IVA para advogados: domina os 3 sistemas (guia %%currentYear%%) - LEGALPROD","isPartOf":{"@id":"https:\/\/www.legalprod.com\/pt-pt\/#website"},"primaryImageOfPage":{"@id":"https:\/\/www.legalprod.com\/pt-pt\/iva-para-advogados-domina-os-3-sistemas-guia-currentyear\/#primaryimage"},"image":{"@id":"https:\/\/www.legalprod.com\/pt-pt\/iva-para-advogados-domina-os-3-sistemas-guia-currentyear\/#primaryimage"},"thumbnailUrl":"https:\/\/www.legalprod.com\/wp-content\/uploads\/2026\/03\/tva-avocat.png","datePublished":"2026-03-12T15:19:44+00:00","dateModified":"2026-03-12T15:20:52+00:00","breadcrumb":{"@id":"https:\/\/www.legalprod.com\/pt-pt\/iva-para-advogados-domina-os-3-sistemas-guia-currentyear\/#breadcrumb"},"inLanguage":"pt-PT","potentialAction":[{"@type":"ReadAction","target":["https:\/\/www.legalprod.com\/pt-pt\/iva-para-advogados-domina-os-3-sistemas-guia-currentyear\/"]}]},{"@type":"ImageObject","inLanguage":"pt-PT","@id":"https:\/\/www.legalprod.com\/pt-pt\/iva-para-advogados-domina-os-3-sistemas-guia-currentyear\/#primaryimage","url":"https:\/\/www.legalprod.com\/wp-content\/uploads\/2026\/03\/tva-avocat.png","contentUrl":"https:\/\/www.legalprod.com\/wp-content\/uploads\/2026\/03\/tva-avocat.png","width":1536,"height":1024,"caption":"Image illustrant tva avocat"},{"@type":"BreadcrumbList","@id":"https:\/\/www.legalprod.com\/pt-pt\/iva-para-advogados-domina-os-3-sistemas-guia-currentyear\/#breadcrumb","itemListElement":[{"@type":"ListItem","position":1,"name":"Accueil","item":"https:\/\/www.legalprod.com\/pt-pt\/"},{"@type":"ListItem","position":2,"name":"IVA para advogados: domina os 3 sistemas (guia 2026)"}]},{"@type":"WebSite","@id":"https:\/\/www.legalprod.com\/pt-pt\/#website","url":"https:\/\/www.legalprod.com\/pt-pt\/","name":"LEGALPROD","description":"La plateforme intelligente des avocats performants","publisher":{"@id":"https:\/\/www.legalprod.com\/pt-pt\/#organization"},"potentialAction":[{"@type":"SearchAction","target":{"@type":"EntryPoint","urlTemplate":"https:\/\/www.legalprod.com\/pt-pt\/?s={search_term_string}"},"query-input":{"@type":"PropertyValueSpecification","valueRequired":true,"valueName":"search_term_string"}}],"inLanguage":"pt-PT"},{"@type":"Organization","@id":"https:\/\/www.legalprod.com\/pt-pt\/#organization","name":"LEGALPROD","url":"https:\/\/www.legalprod.com\/pt-pt\/","logo":{"@type":"ImageObject","inLanguage":"pt-PT","@id":"https:\/\/www.legalprod.com\/pt-pt\/#\/schema\/logo\/image\/","url":"https:\/\/www.legalprod.com\/wp-content\/uploads\/2022\/11\/legalprod.png","contentUrl":"https:\/\/www.legalprod.com\/wp-content\/uploads\/2022\/11\/legalprod.png","width":420,"height":127,"caption":"LEGALPROD"},"image":{"@id":"https:\/\/www.legalprod.com\/pt-pt\/#\/schema\/logo\/image\/"},"sameAs":["https:\/\/www.linkedin.com\/company\/legalprod"]},{"@type":"Person","@id":"https:\/\/www.legalprod.com\/pt-pt\/#\/schema\/person\/25526da464038d4aa345e8c5fd8f9dc4","name":"Team LegalProd","image":{"@type":"ImageObject","inLanguage":"pt-PT","@id":"https:\/\/secure.gravatar.com\/avatar\/1c3c7c48b0038c51ba83478ea83671ea74b6f9f6ba96ef408e957139ba8d6724?s=96&d=mm&r=g","url":"https:\/\/secure.gravatar.com\/avatar\/1c3c7c48b0038c51ba83478ea83671ea74b6f9f6ba96ef408e957139ba8d6724?s=96&d=mm&r=g","contentUrl":"https:\/\/secure.gravatar.com\/avatar\/1c3c7c48b0038c51ba83478ea83671ea74b6f9f6ba96ef408e957139ba8d6724?s=96&d=mm&r=g","caption":"Team LegalProd"},"url":"https:\/\/www.legalprod.com\/pt-pt\/author\/team-legalprod\/"}]}},"_links":{"self":[{"href":"https:\/\/www.legalprod.com\/pt-pt\/wp-json\/wp\/v2\/posts\/20652","targetHints":{"allow":["GET"]}}],"collection":[{"href":"https:\/\/www.legalprod.com\/pt-pt\/wp-json\/wp\/v2\/posts"}],"about":[{"href":"https:\/\/www.legalprod.com\/pt-pt\/wp-json\/wp\/v2\/types\/post"}],"author":[{"embeddable":true,"href":"https:\/\/www.legalprod.com\/pt-pt\/wp-json\/wp\/v2\/users\/3"}],"replies":[{"embeddable":true,"href":"https:\/\/www.legalprod.com\/pt-pt\/wp-json\/wp\/v2\/comments?post=20652"}],"version-history":[{"count":1,"href":"https:\/\/www.legalprod.com\/pt-pt\/wp-json\/wp\/v2\/posts\/20652\/revisions"}],"predecessor-version":[{"id":20653,"href":"https:\/\/www.legalprod.com\/pt-pt\/wp-json\/wp\/v2\/posts\/20652\/revisions\/20653"}],"wp:featuredmedia":[{"embeddable":true,"href":"https:\/\/www.legalprod.com\/pt-pt\/wp-json\/wp\/v2\/media\/20647"}],"wp:attachment":[{"href":"https:\/\/www.legalprod.com\/pt-pt\/wp-json\/wp\/v2\/media?parent=20652"}],"wp:term":[{"taxonomy":"category","embeddable":true,"href":"https:\/\/www.legalprod.com\/pt-pt\/wp-json\/wp\/v2\/categories?post=20652"},{"taxonomy":"post_tag","embeddable":true,"href":"https:\/\/www.legalprod.com\/pt-pt\/wp-json\/wp\/v2\/tags?post=20652"}],"curies":[{"name":"wp","href":"https:\/\/api.w.org\/{rel}","templated":true}]}}