 {"id":20673,"date":"2026-03-12T16:39:46","date_gmt":"2026-03-12T15:39:46","guid":{"rendered":"https:\/\/www.legalprod.com\/iva-para-advogados-guia-currentyear-regimes-taxas-optim\/"},"modified":"2026-03-12T16:40:46","modified_gmt":"2026-03-12T15:40:46","slug":"iva-para-advogados-guia-currentyear-regimes-taxas-optim","status":"publish","type":"post","link":"https:\/\/www.legalprod.com\/pt-pt\/iva-para-advogados-guia-currentyear-regimes-taxas-optim\/","title":{"rendered":"IVA para advogados: guia 2026 (regimes, taxas &amp; optim.)"},"content":{"rendered":"<h1>VAT Lawyers : Compreender o regime do IVA para as profiss\u00f5es jur\u00eddicas<\/h1>\n        \n        <div id=\"Zloop-content\">\n        <p>A gest\u00e3o do IVA \u00e9 uma quest\u00e3o importante para os advogados independentes. Ao contr\u00e1rio de certas profiss\u00f5es da \u00e1rea da sa\u00fade, os advogados est\u00e3o sujeitos a IVA sobre os seus servi\u00e7os jur\u00eddicos. Conhecer os mecanismos de cobran\u00e7a, dedu\u00e7\u00e3o e declara\u00e7\u00e3o deste imposto \u00e9 essencial para otimizar a sua gest\u00e3o contabil\u00edstica e fiscal. Esta obriga\u00e7\u00e3o insere-se no <a href=\"https:\/\/www.legalprod.com\/pt-pt\/regime-fiscal-bnc-2\/\">regime fiscal mais vasto do BNC<\/a> aplic\u00e1vel \u00e0s profiss\u00f5es liberais.   <\/p><h2>O que \u00e9 o IVA para os advogados?<\/h2><p>O IVA dos advogados refere-se ao sistema de imposto sobre o valor acrescentado aplic\u00e1vel aos servi\u00e7os jur\u00eddicos prestados por advogados. Enquanto profissional independente, cobra o IVA aos seus clientes e paga-o \u00e0s autoridades fiscais. A taxa normal \u00e9 de 20% para a maioria dos servi\u00e7os jur\u00eddicos. Em termos pr\u00e1ticos, se facturares um honor\u00e1rio de 1000 euros sem IVA, ter\u00e1s de faturar ao teu cliente 1200 euros com IVA inclu\u00eddo, sendo a diferen\u00e7a de 200 euros o IVA cobrado e pago \u00e0s Finan\u00e7as. Este imposto deve ser indicado separadamente nas tuas facturas.    <\/p><p>O impacto do IVA varia em fun\u00e7\u00e3o da natureza da tua clientela. Para os teus clientes profissionais sujeitos a IVA (empresas, sociedades), este imposto \u00e9 neutro: recuperam o IVA facturado por dedu\u00e7\u00e3o na sua pr\u00f3pria declara\u00e7\u00e3o fiscal. Em contrapartida, para os particulares que n\u00e3o s\u00e3o sujeitos passivos, o IVA representa um custo adicional de 20% sobre os teus honor\u00e1rios. Esta distin\u00e7\u00e3o tem um impacto direto nos seus pre\u00e7os, em fun\u00e7\u00e3o do seu tipo de cliente.   <\/p><p>Cerca de 99% dos advogados em atividade est\u00e3o sujeitos ao IVA. Para exercer a sua atividade ao abrigo deste regime, deve inscrever-se no Servi\u00e7o de Impostos das Empresas (SIE) do seu munic\u00edpio. Obt\u00e9m assim um n\u00famero de IVA intracomunit\u00e1rio, necess\u00e1rio para faturar o imposto e apresentar as suas declara\u00e7\u00f5es.  <\/p><h2>Os diferentes regimes de IVA aplic\u00e1veis aos advogados<\/h2><h3>Isen\u00e7\u00e3o de base do IVA<\/h3><p>A isen\u00e7\u00e3o de base aplica-se automaticamente aos advogados cujo volume de neg\u00f3cios anual n\u00e3o exceda 37 500 euros sem impostos. Neste regime, n\u00e3o cobra IVA aos seus clientes e n\u00e3o pode reclamar o IVA das suas compras comerciais. Em termos pr\u00e1ticos, para um servi\u00e7o que custe 1 000 euros, cobrar\u00e1s exatamente 1 000 euros, enquanto um advogado ao abrigo do regime atual cobrar\u00e1 1 200 euros com IVA (1 000 euros sem IVA + 200 euros com IVA).  <\/p><p>Existe um mecanismo de toler\u00e2ncia para evitar uma mudan\u00e7a brusca: permanece no regime de isen\u00e7\u00e3o de base enquanto as suas vendas n\u00e3o excederem 41 250 euros no primeiro ano em que o limiar \u00e9 ultrapassado. Acima deste limiar mais elevado, \u00e9s obrigado a passar para um regime de IVA efetivo a partir do primeiro dia do m\u00eas em que o limiar \u00e9 ultrapassado. Deve ent\u00e3o faturar o IVA e apresentar as suas declara\u00e7\u00f5es em conformidade com as regras do regime aplic\u00e1vel.  <\/p><p>Tamb\u00e9m podes optar voluntariamente por um regime de IVA real, mesmo que o teu volume de neg\u00f3cios seja inferior ao limiar. Esta op\u00e7\u00e3o faz sentido se os investimentos da tua empresa representarem mais de 30% a 40% do teu volume de neg\u00f3cios, porque assim poder\u00e1s recuperar o IVA dedut\u00edvel. No entanto, esta op\u00e7\u00e3o \u00e9 irrevog\u00e1vel por um per\u00edodo m\u00ednimo de dois anos e implica obriga\u00e7\u00f5es adicionais de declara\u00e7\u00e3o.  <\/p><p>A isen\u00e7\u00e3o de base simplifica consideravelmente a sua gest\u00e3o administrativa, uma vez que n\u00e3o tem de apresentar qualquer declara\u00e7\u00e3o de IVA. No entanto, torna-se desvantajosa quando faz investimentos importantes (equipamento inform\u00e1tico, mobili\u00e1rio, remodela\u00e7\u00f5es), porque tem de pagar o IVA sem o poder reclamar, o que pode representar um custo adicional de at\u00e9 20% nas suas aquisi\u00e7\u00f5es comerciais. <\/p><h3>O regime simplificado do IVA<\/h3><p>O regime simplificado real aplica-se quando o seu volume de neg\u00f3cios se situa entre 37 500 euros e 254 000 euros. Declara o seu IVA anualmente atrav\u00e9s da declara\u00e7\u00e3o CA12, que deve ser apresentada o mais tardar no segundo dia \u00fatil ap\u00f3s 1 de maio. Paga duas presta\u00e7\u00f5es semestrais: 55% do IVA do ano anterior em 15 de julho e 40% em 15 de dezembro. Se o teu IVA anual for inferior a 1.000 euros, est\u00e1s isento do pagamento destas presta\u00e7\u00f5es. A diferen\u00e7a entre as presta\u00e7\u00f5es pagas (95% no total) e o IVA efetivamente devido \u00e9 liquidada no momento da entrega da declara\u00e7\u00e3o anual.    <\/p><p>Este regime oferece um bom compromisso entre simplicidade e otimiza\u00e7\u00e3o fiscal. Podes recuperar o IVA sobre as compras da tua empresa, limitando ao mesmo tempo as tuas obriga\u00e7\u00f5es de declara\u00e7\u00e3o. A declara\u00e7\u00e3o CA12 \u00e9 acompanhada do anexo CA12E, que resume os detalhes das tuas opera\u00e7\u00f5es tribut\u00e1veis. Este sistema integra-se naturalmente na tua <a href=\"https:\/\/www.legalprod.com\/comptabilite-avocat\/regime-fiscal-bnc\/bnc-avocat\/\">contabilidade de advogado BNC<\/a>.   <\/p><h3>O regime normal do IVA<\/h3><p>Se o teu volume de neg\u00f3cios anual for superior a 254 000 euros, estar\u00e1s sujeito ao regime normal do IVA real. Apresenta uma declara\u00e7\u00e3o CA3 todos os meses e efectua o pagamento correspondente at\u00e9 ao dia 24 do m\u00eas seguinte ao per\u00edodo em causa. O pagamento eletr\u00f3nico \u00e9 obrigat\u00f3rio para este regime, o que significa que tens de utilizar os servi\u00e7os em linha da administra\u00e7\u00e3o fiscal.  <\/p><p>Este sistema exige uma gest\u00e3o contabil\u00edstica mais rigorosa, mas oferece vantagens significativas. Permite controlar melhor a tesouraria gra\u00e7as a um acompanhamento mensal preciso dos fluxos de IVA. Beneficia igualmente de um reembolso mais r\u00e1pido dos seus cr\u00e9ditos de IVA, o que \u00e9 particularmente vantajoso no caso de grandes investimentos ou quando existe um desfasamento entre as suas receitas e os seus desembolsos.  <\/p><p>Tamb\u00e9m podes optar voluntariamente por este regime, mesmo que o teu volume de neg\u00f3cios seja inferior ao limiar de 254 000 euros. Esta op\u00e7\u00e3o \u00e9 particularmente \u00fatil se tiveres um montante elevado de IVA dedut\u00edvel nas compras e investimentos da tua empresa. Permite-lhe otimizar o seu fluxo de tesouraria, recuperando mais rapidamente o IVA pago sobre as suas despesas.  <\/p><h2>IVA dedut\u00edvel para os advogados<\/h2><p>O IVA dedut\u00edvel \u00e9 o imposto que pagas sobre as tuas compras e despesas comerciais. Podes reclam\u00e1-lo \u00e0s autoridades fiscais. Esta dedu\u00e7\u00e3o aplica-se a material de escrit\u00f3rio, equipamento inform\u00e1tico, assinaturas de bases de dados jur\u00eddicas, despesas de viagem e honor\u00e1rios profissionais. No caso de despesas mistas (uso pessoal e profissional), apenas a parte profissional \u00e9 dedut\u00edvel.   <\/p><p>Para ser dedut\u00edvel, o IVA deve preencher v\u00e1rias condi\u00e7\u00f5es cumulativas. Deves ter uma fatura v\u00e1lida que indique claramente o montante do IVA. Os bens ou servi\u00e7os adquiridos devem ser necess\u00e1rios para o funcionamento da tua empresa. Por \u00faltimo, o teu fornecedor deve ser uma entidade registada para efeitos de IVA. Deves conservar todos os documentos comprovativos durante, pelo menos, seis anos para documentar os teus pedidos de dedu\u00e7\u00e3o.    <\/p><p>Algumas despesas n\u00e3o s\u00e3o dedut\u00edveis ou s\u00e3o apenas parcialmente dedut\u00edveis. O IVA sobre as despesas de representa\u00e7\u00e3o e de restaura\u00e7\u00e3o n\u00e3o \u00e9 dedut\u00edvel, contrariamente ao imposto sobre o rendimento, em que estas despesas podem ser deduzidas at\u00e9 50%. O IVA sobre a compra de ve\u00edculos de passageiros n\u00e3o \u00e9, em geral, recuper\u00e1vel, exceto no caso dos ve\u00edculos comerciais. Em contrapartida, o IVA sobre os combust\u00edveis \u00e9 dedut\u00edvel a 100% para os ve\u00edculos comerciais, a 80% para o gas\u00f3leo para os ve\u00edculos de passageiros e a 60% para a gasolina a partir de 2023.   <\/p><p>Para os advogados que exercem a sua atividade numa base n\u00e3o tribut\u00e1vel, o IVA a montante torna-se exig\u00edvel quando os honor\u00e1rios s\u00e3o recebidos. O IVA dedut\u00edvel pode ser recuperado a partir da rece\u00e7\u00e3o da fatura do fornecedor, mesmo que o pagamento ainda n\u00e3o tenha sido efectuado. Esta assimetria entre a cobran\u00e7a e a dedu\u00e7\u00e3o exige uma contabilidade rigorosa e um controlo preciso das facturas dos fornecedores e dos recibos dos clientes.  <\/p><h2>Declara\u00e7\u00e3o e pagamento do IVA<\/h2><p>As declara\u00e7\u00f5es de IVA devem ser apresentadas por via eletr\u00f3nica atrav\u00e9s do seu espa\u00e7o profissional em impots.gouv.fr. Consoante o sistema que utiliza, pode utilizar o formul\u00e1rio CA12 (sistema simplificado) ou CA3 (sistema normal). O incumprimento dos prazos implica uma sobretaxa autom\u00e1tica de 5% do montante devido, juros de mora de 0,20% por m\u00eas e, eventualmente, uma sobretaxa suplementar de 10% se a administra\u00e7\u00e3o fiscal considerar que agiu de m\u00e1 f\u00e9.  <\/p><p>O IVA \u00e9 pago ao mesmo tempo que a declara\u00e7\u00e3o \u00e9 apresentada. Calcula a diferen\u00e7a entre o IVA a montante e o IVA dedut\u00edvel. Se o saldo for positivo, paga a diferen\u00e7a ao Tesouro. Se o saldo for negativo, tens um cr\u00e9dito de IVA. Podes pedir o reembolso de 150 euros para uma declara\u00e7\u00e3o mensal ou de 760 euros para uma declara\u00e7\u00e3o anual, ou transferi-lo para o per\u00edodo seguinte. Os reembolsos s\u00e3o geralmente efectuados no prazo de 30 dias, se n\u00e3o houver um controlo pr\u00e9vio.     <\/p><p>Esta gest\u00e3o do IVA \u00e9 integrada na tua <a href=\"https:\/\/www.legalprod.com\/comptabilite-avocat\/regime-fiscal-bnc\/declaration-2035-avocat\/\">declara\u00e7\u00e3o anual de imposto 2035<\/a>. Os montantes do IVA cobrado e dedut\u00edvel figuram em anexos espec\u00edficos desta declara\u00e7\u00e3o, o que permite \u00e0s autoridades verificar a coer\u00eancia entre as tuas declara\u00e7\u00f5es peri\u00f3dicas de IVA e a tua declara\u00e7\u00e3o anual de rendimentos. <\/p><h2>Fatura\u00e7\u00e3o e informa\u00e7\u00f5es obrigat\u00f3rias<\/h2><p>As suas facturas devem incluir todas as informa\u00e7\u00f5es legais seguintes: o seu n\u00famero SIRET, um n\u00famero de fatura \u00fanico e sequencial, a data de emiss\u00e3o da fatura, a identifica\u00e7\u00e3o completa do seu cliente (nome ou raz\u00e3o social, endere\u00e7o), uma descri\u00e7\u00e3o precisa dos servi\u00e7os jur\u00eddicos prestados e a data em que foram efectuados, os montantes sem impostos e com todos os impostos inclu\u00eddos, a taxa de IVA aplic\u00e1vel (20% para a maior parte dos servi\u00e7os) e o montante de IVA correspondente, as suas condi\u00e7\u00f5es de pagamento e as penaliza\u00e7\u00f5es por atraso de pagamento aplic\u00e1veis em caso de atraso de pagamento. Para os clientes sujeitos a IVA, deve igualmente indicar o seu n\u00famero de IVA intracomunit\u00e1rio. <\/p><p>A aus\u00eancia ou inexatid\u00e3o destes dados implica uma coima de 15 euros por cada falta ou erro, com um limite m\u00e1ximo de 25% do montante da fatura. Estas san\u00e7\u00f5es sublinham a import\u00e2ncia de uma fatura\u00e7\u00e3o rigorosa. Al\u00e9m disso, deves conservar todas as tuas facturas durante um per\u00edodo m\u00ednimo de 10 anos, em papel ou em formato eletr\u00f3nico, desde que a sua integridade e legibilidade sejam garantidas.  <\/p><p>Se estiver isento de IVA de base, deve indicar &#8220;TVA n\u00e3o aplic\u00e1vel, artigo 293 B do CGI&#8221; nas suas facturas. Esta men\u00e7\u00e3o informa os seus clientes de que n\u00e3o cobra IVA e justifica a aus\u00eancia de um n\u00famero de IVA intracomunit\u00e1rio nos seus documentos. Trata-se de uma obriga\u00e7\u00e3o legal para as empresas abrangidas por este regime simplificado.  <\/p><p>A partir de 2026, a fatura\u00e7\u00e3o eletr\u00f3nica tornar-se-\u00e1 progressivamente obrigat\u00f3ria para todas as opera\u00e7\u00f5es entre sujeitos passivos de IVA. Esta implanta\u00e7\u00e3o ser\u00e1 efectuada em v\u00e1rias fases, em fun\u00e7\u00e3o da dimens\u00e3o da empresa. Esta evolu\u00e7\u00e3o exigir\u00e1 a ado\u00e7\u00e3o de ferramentas que respeitem as normas impostas pelas autoridades fiscais e transformar\u00e1 as pr\u00e1ticas de fatura\u00e7\u00e3o dos escrit\u00f3rios de advogados.  <\/p><h2>Casos especiais e isen\u00e7\u00f5es<\/h2><p>Alguns servi\u00e7os jur\u00eddicos est\u00e3o especificamente isentos de IVA. Os servi\u00e7os de assist\u00eancia jur\u00eddica e as comiss\u00f5es oficiais pagas pelo Estado est\u00e3o isentos de IVA. Em contrapartida, os honor\u00e1rios adicionais que fatura diretamente ao cliente continuam a estar sujeitos a IVA \u00e0 taxa normal de 20%. Estas isen\u00e7\u00f5es exigem uma contabilidade separada para facilitar as suas declara\u00e7\u00f5es e justificar a aplica\u00e7\u00e3o de taxas diferentes.   <\/p><p>Para as presta\u00e7\u00f5es intracomunit\u00e1rias, o regime de IVA difere consoante o estatuto do cliente. Quando fatura a um cliente registado para efeitos de IVA noutro Estado-Membro da UE, os seus servi\u00e7os est\u00e3o isentos de IVA em Fran\u00e7a. O destinat\u00e1rio proceder\u00e1 \u00e0 autoliquida\u00e7\u00e3o do IVA no seu pr\u00f3prio pa\u00eds. Deve verificar a validade do n\u00famero de IVA intracomunit\u00e1rio do seu cliente e mencion\u00e1-lo na sua fatura. Os servi\u00e7os prestados a clientes fora da Uni\u00e3o Europeia est\u00e3o geralmente isentos, desde que conserves os documentos comprovativos adequados.    <\/p><p>\u00c9 essencial distinguir entre o regime de base de isen\u00e7\u00e3o do IVA e o <a href=\"https:\/\/www.legalprod.com\/comptabilite-avocat\/regime-fiscal-bnc\/micro-bnc-avocat\/\">regime de micro BNC para os advogados<\/a>. Trata-se de dois regimes fiscais distintos que n\u00e3o implicam a mesma tributa\u00e7\u00e3o. A isen\u00e7\u00e3o de base do IVA aplica-se automaticamente \u00e0s vendas at\u00e9 37.500 euros e isenta-te de cobrar IVA. O regime do micro-BNC, que diz respeito ao imposto sobre o rendimento, aplica-se at\u00e9 77.700 euros. Assim, um advogado pode ser abrangido pelo regime micro-BNC e continuar sujeito a IVA se ultrapassar o limiar de 37 500 euros. Nesse caso, deve cobrar o IVA aos seus clientes, beneficiando simultaneamente da dedu\u00e7\u00e3o fixa do micro-BNC para efeitos de imposto sobre o rendimento.     <\/p><h2>Otimizar a sua gest\u00e3o do IVA<\/h2><p>A otimiza\u00e7\u00e3o do seu IVA baseia-se na planifica\u00e7\u00e3o estrat\u00e9gica dos seus investimentos. Se fores uma empresa simplificada, agrupa as tuas compras mais importantes (equipamento inform\u00e1tico, mobili\u00e1rio, software) no \u00faltimo trimestre do ano. Esta concentra\u00e7\u00e3o gera um cr\u00e9dito de IVA que pode ser reembolsado aquando da apresenta\u00e7\u00e3o da declara\u00e7\u00e3o anual CA12, melhorando assim a sua tesouraria no in\u00edcio do ano seguinte.  <\/p><p>Considera a possibilidade de optar pelo regime do IVA real logo que os investimentos previstos excedam 30% do seu volume de neg\u00f3cios. Esta op\u00e7\u00e3o permite-lhe recuperar o IVA dedut\u00edvel numa base mensal, em vez de esperar pelo ajustamento anual. Esta op\u00e7\u00e3o \u00e9 particularmente vantajosa quando est\u00e1 a criar o seu consult\u00f3rio ou quando tem de proceder a uma revis\u00e3o importante do seu equipamento profissional.  <\/p><p>Antecipa as mudan\u00e7as de regime para evitar problemas de tesouraria. Uma vez ultrapassado o limiar de 37.500 euros, deve passar do regime de isen\u00e7\u00e3o de base para o regime real. Prepara?te para esta transi\u00e7\u00e3o abrindo a tua conta IVA junto do Service des Imp\u00f4ts des Entreprises pelo menos dois meses antes da ultrapassagem do limiar. Deste modo, evita as penaliza\u00e7\u00f5es por atraso no pagamento e garante a seguran\u00e7a das primeiras declara\u00e7\u00f5es.   <\/p><p>Para os servi\u00e7os internacionais, tens de conhecer as regras que regem o IVA intracomunit\u00e1rio. Um erro de autoliquida\u00e7\u00e3o ou a n\u00e3o men\u00e7\u00e3o do n\u00famero de IVA do cliente europeu pode dar origem a um ajustamento fiscal. Verifica sistematicamente a validade dos n\u00fameros de IVA intracomunit\u00e1rios no s\u00edtio Web da Comiss\u00e3o Europeia antes de emitires as tuas facturas transfronteiri\u00e7as.  <\/p><h3>IVA e servi\u00e7os internacionais<\/h3><p>No contexto dos servi\u00e7os jur\u00eddicos internacionais, o princ\u00edpio da territorialidade do IVA desempenha um papel crucial. Os servi\u00e7os<em>B2B<\/em> s\u00e3o geralmente tribut\u00e1veis no local onde o cliente est\u00e1 estabelecido. Isto significa que, se um advogado em Fran\u00e7a prestar um servi\u00e7o a um cliente sujeito passivo estabelecido noutro pa\u00eds da UE, ter\u00e1 de emitir uma fatura<strong>exclusiva para efeitos de IVA<\/strong> com a men\u00e7\u00e3o &#8220;autoliquida\u00e7\u00e3o&#8221; e indicando o n\u00famero de IVA intracomunit\u00e1rio do seu cliente. O cliente ser\u00e1 ent\u00e3o respons\u00e1vel pela autoliquida\u00e7\u00e3o do IVA no seu pr\u00f3prio pa\u00eds. \u00c9 essencial verificar a validade do n\u00famero de IVA atrav\u00e9s do sistema VIES<br\/>. Para as presta\u00e7\u00f5es intracomunit\u00e1rias, o advogado \u00e9 obrigado a fazer uma <strong>declara\u00e7\u00e3o de troca de servi\u00e7os (DES)<\/strong>. No entanto, se as presta\u00e7\u00f5es forem efectuadas a um cliente fora da UE, est\u00e3o geralmente isentas do IVA franc\u00eas, desde que sejam conservados os documentos comprovativos destas opera\u00e7\u00f5es. Quanto \u00e0s presta\u00e7\u00f5es de servi\u00e7os efectuadas a particulares n\u00e3o estabelecidos em Fran\u00e7a, o IVA franc\u00eas \u00e9 aplic\u00e1vel se a presta\u00e7\u00e3o for efetivamente realizada em Fran\u00e7a. \u00c9 claro que todas estas regras exigem uma vigil\u00e2ncia constante para garantir a conformidade fiscal.       <\/p>\n        <\/div>\n        <div id=\"FAQ-Zloop\">\n        <div>\n<h2>Perguntas frequentes<\/h2>\n<p>Descobre as respostas \u00e0s perguntas mais frequentes sobre o regime do IVA aplic\u00e1vel aos advogados e \u00e0s profiss\u00f5es jur\u00eddicas em Fran\u00e7a. Esta sec\u00e7\u00e3o ajud\u00e1-lo-\u00e1 a compreender melhor as suas obriga\u00e7\u00f5es fiscais e a otimizar a sua gest\u00e3o do IVA. <\/p>\n<h3>Qual \u00e9 o regime de IVA aplic\u00e1vel aos advogados?<\/h3>\n<p>O regime de IVA dos advogados \u00e9 o regime fiscal aplic\u00e1vel \u00e0s presta\u00e7\u00f5es de servi\u00e7os jur\u00eddicos. Os advogados est\u00e3o sujeitos a IVA \u00e0 taxa normal de 20% sobre os seus honor\u00e1rios. Deve cobrar este imposto aos seus clientes, cobr\u00e1-lo e depois pag\u00e1-lo \u00e0s autoridades fiscais, ap\u00f3s dedu\u00e7\u00e3o do IVA pago sobre as suas pr\u00f3prias despesas profissionais. Este sistema obriga a declara\u00e7\u00f5es regulares e a uma contabilidade rigorosa.   <\/p>\n<h3>Como \u00e9 que um advogado deve cobrar o IVA sobre os seus servi\u00e7os?<\/h3>\n<p>Os advogados devem indicar o IVA separadamente em cada fatura emitida aos seus clientes. A taxa aplic\u00e1vel \u00e9 de 20% para a maioria dos servi\u00e7os jur\u00eddicos em Fran\u00e7a. \u00c9 importante distinguir entre as presta\u00e7\u00f5es B2B (entre profissionais) e B2C (com particulares), uma vez que podem ser aplicadas certas regras espec\u00edficas, nomeadamente no que se refere \u00e0s presta\u00e7\u00f5es internacionais em que pode ser utilizado o mecanismo de autoliquida\u00e7\u00e3o. O IVA deve ser cobrado no momento da rece\u00e7\u00e3o dos honor\u00e1rios.   <\/p>\n<h3>Quais s\u00e3o as obriga\u00e7\u00f5es de declara\u00e7\u00e3o do IVA para os advogados?<\/h3>\n<p>Os advogados devem apresentar declara\u00e7\u00f5es de IVA de acordo com o seu regime fiscal: mensal, trimestral ou anual, consoante o volume de neg\u00f3cios. O regime normal de IVA exige declara\u00e7\u00f5es mensais (CA3), enquanto o regime simplificado permite declara\u00e7\u00f5es anuais com presta\u00e7\u00f5es semestrais. As declara\u00e7\u00f5es devem ser entregues por via eletr\u00f3nica. \u00c9 essencial respeitar os prazos para evitar multas por atraso no pagamento e aumentos de impostos.   <\/p>\n<h3>Existem isen\u00e7\u00f5es de IVA para os advogados?<\/h3>\n<p>Sim, h\u00e1 certas situa\u00e7\u00f5es em que o IVA pode ser isento ou n\u00e3o ser aplicado. Para os servi\u00e7os jur\u00eddicos prestados a clientes estabelecidos noutro pa\u00eds da UE (B2B), aplica-se o mecanismo de invers\u00e3o do \u00f3nus: \u00e9 o cliente que deve pagar o IVA no seu pr\u00f3prio pa\u00eds. Para os clientes de pa\u00edses terceiros, as presta\u00e7\u00f5es est\u00e3o geralmente fora do \u00e2mbito de aplica\u00e7\u00e3o do IVA franc\u00eas. A assist\u00eancia jur\u00eddica beneficia igualmente de um tratamento especial em mat\u00e9ria de IVA.   <\/p>\n<h3>Como \u00e9 que geres o IVA dedut\u00edvel enquanto advogado?<\/h3>\n<p>Os advogados podem deduzir o IVA pago sobre as suas despesas profissionais: aluguer de escrit\u00f3rios, fornecimentos, equipamento inform\u00e1tico, forma\u00e7\u00e3o profissional e assinaturas jur\u00eddicas. Para ser dedut\u00edvel, o IVA deve constar de uma fatura v\u00e1lida e dizer respeito a despesas necess\u00e1rias \u00e0 atividade profissional. \u00c9 essencial conservar todos os documentos comprovativos e manter um registo exato das compras. O IVA relativo \u00e0s despesas com ve\u00edculos e combust\u00edveis est\u00e1 sujeito a regras espec\u00edficas de dedutibilidade parcial.   <\/p>\n<h3>O software pode ajudar os advogados a gerir o seu IVA?<\/h3>\n<p><a href=\"https:\/\/www.legalprod.com\/pt-pt\/empresa\/\">O software para advogados<\/a> simplifica consideravelmente a gest\u00e3o do IVA. Automatiza o c\u00e1lculo do IVA nas facturas, assegura a corre\u00e7\u00e3o das informa\u00e7\u00f5es legais, facilita o controlo do IVA cobrado e dedut\u00edvel e prepara as declara\u00e7\u00f5es fiscais. Estas ferramentas permitem evitar erros de c\u00e1lculo, poupar tempo nas tarefas administrativas e antecipar melhor os prazos fiscais. <a href=\"https:\/\/www.legalprod.com\/pt-pt\/lawyer-2-0-como-e-que-as-solucoes-de-software-estao-a-transformar-os-escritorios-de-advogados\/\">As solu\u00e7\u00f5es de software modernas<\/a> integram-se diretamente com as plataformas de e-filing para simplificar o processo administrativo.   <\/p>\n<\/div>\n        <\/div>\n        <div class=\"arianezloopglobale\">\n        <h2 class=\"articlesConnexesZloop\">Artigos relacionados<\/h2>\n        <div id=\"arianezloop\">\n            <p><a href=\"https:\/\/www.legalprod.com\/pt-pt\/comptabilite-avocat-2\/\"><span class=\"parentarianezloop\">Advogado de contabilidade<\/span><\/a><\/p><p><a href=\"https:\/\/www.legalprod.com\/pt-pt\/regime-fiscal-bnc-2\/\"><span class=\"parentarianezloop\">Regime fiscal da BNC<\/span><\/a><\/p>\n            <div id=\"ariane-enfant\">\n            <p><a href=\"https:\/\/www.legalprod.com\/comptabilite-avocat\/regime-fiscal-bnc\/tva-avocat\/\"><span class=\"parentarianezloop\">Advogado de IVA<\/span><\/a><\/p>\n            <ul>\n            \n            <\/ul>\n            <\/div>\n            <\/div>\n        <\/div>","protected":false},"excerpt":{"rendered":"<p>VAT Lawyers : Compreender o regime do IVA para as profiss\u00f5es jur\u00eddicas A gest\u00e3o do IVA \u00e9 uma quest\u00e3o importante para os advogados independentes. Ao contr\u00e1rio de certas profiss\u00f5es da \u00e1rea da sa\u00fade, os advogados est\u00e3o sujeitos a IVA sobre os seus servi\u00e7os jur\u00eddicos. Conhecer os mecanismos de cobran\u00e7a, dedu\u00e7\u00e3o e declara\u00e7\u00e3o deste imposto \u00e9 [&hellip;]<\/p>\n","protected":false},"author":3,"featured_media":20664,"comment_status":"closed","ping_status":"open","sticky":false,"template":"","format":"standard","meta":{"_et_pb_use_builder":"","_et_pb_old_content":"","_et_gb_content_width":"","_monsterinsights_skip_tracking":false,"_monsterinsights_sitenote_active":false,"_monsterinsights_sitenote_note":"","_monsterinsights_sitenote_category":0,"footnotes":""},"categories":[466],"tags":[],"class_list":["post-20673","post","type-post","status-publish","format-standard","has-post-thumbnail","hentry","category-advogado-de-contabilidade"],"yoast_head":"<!-- This site is optimized with the Yoast SEO plugin v27.5 - https:\/\/yoast.com\/product\/yoast-seo-wordpress\/ -->\n<title>IVA para advogados: guia 2026 (regimes, taxas &amp; optim.) - LEGALPROD<\/title>\n<meta name=\"robots\" content=\"index, follow, max-snippet:-1, max-image-preview:large, max-video-preview:-1\" \/>\n<link rel=\"canonical\" href=\"https:\/\/www.legalprod.com\/pt-pt\/iva-para-advogados-guia-currentyear-regimes-taxas-optim\/\" \/>\n<meta property=\"og:locale\" content=\"pt_PT\" \/>\n<meta property=\"og:type\" content=\"article\" \/>\n<meta property=\"og:title\" content=\"IVA para advogados: guia 2026 (regimes, taxas &amp; optim.) - LEGALPROD\" \/>\n<meta property=\"og:description\" content=\"VAT Lawyers : Compreender o regime do IVA para as profiss\u00f5es jur\u00eddicas A gest\u00e3o do IVA \u00e9 uma quest\u00e3o importante para os advogados independentes. Ao contr\u00e1rio de certas profiss\u00f5es da \u00e1rea da sa\u00fade, os advogados est\u00e3o sujeitos a IVA sobre os seus servi\u00e7os jur\u00eddicos. Conhecer os mecanismos de cobran\u00e7a, dedu\u00e7\u00e3o e declara\u00e7\u00e3o deste imposto \u00e9 [&hellip;]\" \/>\n<meta property=\"og:url\" content=\"https:\/\/www.legalprod.com\/pt-pt\/iva-para-advogados-guia-currentyear-regimes-taxas-optim\/\" \/>\n<meta property=\"og:site_name\" content=\"LEGALPROD\" \/>\n<meta property=\"article:published_time\" content=\"2026-03-12T15:39:46+00:00\" \/>\n<meta property=\"article:modified_time\" content=\"2026-03-12T15:40:46+00:00\" \/>\n<meta property=\"og:image\" content=\"https:\/\/www.legalprod.com\/wp-content\/uploads\/2026\/03\/tva-avocat-1-1024x683.png\" \/>\n\t<meta property=\"og:image:width\" content=\"1024\" \/>\n\t<meta property=\"og:image:height\" content=\"683\" \/>\n\t<meta property=\"og:image:type\" content=\"image\/png\" \/>\n<meta name=\"author\" content=\"Team LegalProd\" \/>\n<meta name=\"twitter:card\" content=\"summary_large_image\" \/>\n<meta name=\"twitter:label1\" content=\"Escrito por\" \/>\n\t<meta name=\"twitter:data1\" content=\"Team LegalProd\" \/>\n\t<meta name=\"twitter:label2\" content=\"Tempo estimado de leitura\" \/>\n\t<meta name=\"twitter:data2\" content=\"17 minutos\" \/>\n<script type=\"application\/ld+json\" class=\"yoast-schema-graph\">{\"@context\":\"https:\\\/\\\/schema.org\",\"@graph\":[{\"@type\":\"Article\",\"@id\":\"https:\\\/\\\/www.legalprod.com\\\/pt-pt\\\/iva-para-advogados-guia-currentyear-regimes-taxas-optim\\\/#article\",\"isPartOf\":{\"@id\":\"https:\\\/\\\/www.legalprod.com\\\/pt-pt\\\/iva-para-advogados-guia-currentyear-regimes-taxas-optim\\\/\"},\"author\":{\"name\":\"Team LegalProd\",\"@id\":\"https:\\\/\\\/www.legalprod.com\\\/pt-pt\\\/#\\\/schema\\\/person\\\/25526da464038d4aa345e8c5fd8f9dc4\"},\"headline\":\"IVA para advogados: guia 2026 (regimes, taxas &amp; optim.)\",\"datePublished\":\"2026-03-12T15:39:46+00:00\",\"dateModified\":\"2026-03-12T15:40:46+00:00\",\"mainEntityOfPage\":{\"@id\":\"https:\\\/\\\/www.legalprod.com\\\/pt-pt\\\/iva-para-advogados-guia-currentyear-regimes-taxas-optim\\\/\"},\"wordCount\":3348,\"publisher\":{\"@id\":\"https:\\\/\\\/www.legalprod.com\\\/pt-pt\\\/#organization\"},\"image\":{\"@id\":\"https:\\\/\\\/www.legalprod.com\\\/pt-pt\\\/iva-para-advogados-guia-currentyear-regimes-taxas-optim\\\/#primaryimage\"},\"thumbnailUrl\":\"https:\\\/\\\/www.legalprod.com\\\/wp-content\\\/uploads\\\/2026\\\/03\\\/tva-avocat-1.png\",\"articleSection\":[\"Advogado de contabilidade\"],\"inLanguage\":\"pt-PT\"},{\"@type\":\"WebPage\",\"@id\":\"https:\\\/\\\/www.legalprod.com\\\/pt-pt\\\/iva-para-advogados-guia-currentyear-regimes-taxas-optim\\\/\",\"url\":\"https:\\\/\\\/www.legalprod.com\\\/pt-pt\\\/iva-para-advogados-guia-currentyear-regimes-taxas-optim\\\/\",\"name\":\"IVA para advogados: guia %%currentYear%% (regimes, taxas &amp; optim.) - LEGALPROD\",\"isPartOf\":{\"@id\":\"https:\\\/\\\/www.legalprod.com\\\/pt-pt\\\/#website\"},\"primaryImageOfPage\":{\"@id\":\"https:\\\/\\\/www.legalprod.com\\\/pt-pt\\\/iva-para-advogados-guia-currentyear-regimes-taxas-optim\\\/#primaryimage\"},\"image\":{\"@id\":\"https:\\\/\\\/www.legalprod.com\\\/pt-pt\\\/iva-para-advogados-guia-currentyear-regimes-taxas-optim\\\/#primaryimage\"},\"thumbnailUrl\":\"https:\\\/\\\/www.legalprod.com\\\/wp-content\\\/uploads\\\/2026\\\/03\\\/tva-avocat-1.png\",\"datePublished\":\"2026-03-12T15:39:46+00:00\",\"dateModified\":\"2026-03-12T15:40:46+00:00\",\"breadcrumb\":{\"@id\":\"https:\\\/\\\/www.legalprod.com\\\/pt-pt\\\/iva-para-advogados-guia-currentyear-regimes-taxas-optim\\\/#breadcrumb\"},\"inLanguage\":\"pt-PT\",\"potentialAction\":[{\"@type\":\"ReadAction\",\"target\":[\"https:\\\/\\\/www.legalprod.com\\\/pt-pt\\\/iva-para-advogados-guia-currentyear-regimes-taxas-optim\\\/\"]}]},{\"@type\":\"ImageObject\",\"inLanguage\":\"pt-PT\",\"@id\":\"https:\\\/\\\/www.legalprod.com\\\/pt-pt\\\/iva-para-advogados-guia-currentyear-regimes-taxas-optim\\\/#primaryimage\",\"url\":\"https:\\\/\\\/www.legalprod.com\\\/wp-content\\\/uploads\\\/2026\\\/03\\\/tva-avocat-1.png\",\"contentUrl\":\"https:\\\/\\\/www.legalprod.com\\\/wp-content\\\/uploads\\\/2026\\\/03\\\/tva-avocat-1.png\",\"width\":1536,\"height\":1024,\"caption\":\"Image illustrant tva avocat\"},{\"@type\":\"BreadcrumbList\",\"@id\":\"https:\\\/\\\/www.legalprod.com\\\/pt-pt\\\/iva-para-advogados-guia-currentyear-regimes-taxas-optim\\\/#breadcrumb\",\"itemListElement\":[{\"@type\":\"ListItem\",\"position\":1,\"name\":\"Accueil\",\"item\":\"https:\\\/\\\/www.legalprod.com\\\/pt-pt\\\/\"},{\"@type\":\"ListItem\",\"position\":2,\"name\":\"IVA para advogados: guia 2026 (regimes, taxas &amp; optim.)\"}]},{\"@type\":\"WebSite\",\"@id\":\"https:\\\/\\\/www.legalprod.com\\\/pt-pt\\\/#website\",\"url\":\"https:\\\/\\\/www.legalprod.com\\\/pt-pt\\\/\",\"name\":\"LEGALPROD\",\"description\":\"La plateforme intelligente des avocats performants\",\"publisher\":{\"@id\":\"https:\\\/\\\/www.legalprod.com\\\/pt-pt\\\/#organization\"},\"potentialAction\":[{\"@type\":\"SearchAction\",\"target\":{\"@type\":\"EntryPoint\",\"urlTemplate\":\"https:\\\/\\\/www.legalprod.com\\\/pt-pt\\\/?s={search_term_string}\"},\"query-input\":{\"@type\":\"PropertyValueSpecification\",\"valueRequired\":true,\"valueName\":\"search_term_string\"}}],\"inLanguage\":\"pt-PT\"},{\"@type\":\"Organization\",\"@id\":\"https:\\\/\\\/www.legalprod.com\\\/pt-pt\\\/#organization\",\"name\":\"LEGALPROD\",\"url\":\"https:\\\/\\\/www.legalprod.com\\\/pt-pt\\\/\",\"logo\":{\"@type\":\"ImageObject\",\"inLanguage\":\"pt-PT\",\"@id\":\"https:\\\/\\\/www.legalprod.com\\\/pt-pt\\\/#\\\/schema\\\/logo\\\/image\\\/\",\"url\":\"https:\\\/\\\/www.legalprod.com\\\/wp-content\\\/uploads\\\/2022\\\/11\\\/legalprod.png\",\"contentUrl\":\"https:\\\/\\\/www.legalprod.com\\\/wp-content\\\/uploads\\\/2022\\\/11\\\/legalprod.png\",\"width\":420,\"height\":127,\"caption\":\"LEGALPROD\"},\"image\":{\"@id\":\"https:\\\/\\\/www.legalprod.com\\\/pt-pt\\\/#\\\/schema\\\/logo\\\/image\\\/\"},\"sameAs\":[\"https:\\\/\\\/www.linkedin.com\\\/company\\\/legalprod\"]},{\"@type\":\"Person\",\"@id\":\"https:\\\/\\\/www.legalprod.com\\\/pt-pt\\\/#\\\/schema\\\/person\\\/25526da464038d4aa345e8c5fd8f9dc4\",\"name\":\"Team LegalProd\",\"image\":{\"@type\":\"ImageObject\",\"inLanguage\":\"pt-PT\",\"@id\":\"https:\\\/\\\/secure.gravatar.com\\\/avatar\\\/1c3c7c48b0038c51ba83478ea83671ea74b6f9f6ba96ef408e957139ba8d6724?s=96&d=mm&r=g\",\"url\":\"https:\\\/\\\/secure.gravatar.com\\\/avatar\\\/1c3c7c48b0038c51ba83478ea83671ea74b6f9f6ba96ef408e957139ba8d6724?s=96&d=mm&r=g\",\"contentUrl\":\"https:\\\/\\\/secure.gravatar.com\\\/avatar\\\/1c3c7c48b0038c51ba83478ea83671ea74b6f9f6ba96ef408e957139ba8d6724?s=96&d=mm&r=g\",\"caption\":\"Team LegalProd\"},\"url\":\"https:\\\/\\\/www.legalprod.com\\\/pt-pt\\\/author\\\/team-legalprod\\\/\"}]}<\/script>\n<!-- \/ Yoast SEO plugin. -->","yoast_head_json":{"title":"IVA para advogados: guia 2026 (regimes, taxas &amp; optim.) - LEGALPROD","robots":{"index":"index","follow":"follow","max-snippet":"max-snippet:-1","max-image-preview":"max-image-preview:large","max-video-preview":"max-video-preview:-1"},"canonical":"https:\/\/www.legalprod.com\/pt-pt\/iva-para-advogados-guia-currentyear-regimes-taxas-optim\/","og_locale":"pt_PT","og_type":"article","og_title":"IVA para advogados: guia 2026 (regimes, taxas &amp; optim.) - LEGALPROD","og_description":"VAT Lawyers : Compreender o regime do IVA para as profiss\u00f5es jur\u00eddicas A gest\u00e3o do IVA \u00e9 uma quest\u00e3o importante para os advogados independentes. Ao contr\u00e1rio de certas profiss\u00f5es da \u00e1rea da sa\u00fade, os advogados est\u00e3o sujeitos a IVA sobre os seus servi\u00e7os jur\u00eddicos. Conhecer os mecanismos de cobran\u00e7a, dedu\u00e7\u00e3o e declara\u00e7\u00e3o deste imposto \u00e9 [&hellip;]","og_url":"https:\/\/www.legalprod.com\/pt-pt\/iva-para-advogados-guia-currentyear-regimes-taxas-optim\/","og_site_name":"LEGALPROD","article_published_time":"2026-03-12T15:39:46+00:00","article_modified_time":"2026-03-12T15:40:46+00:00","og_image":[{"width":1024,"height":683,"url":"https:\/\/www.legalprod.com\/wp-content\/uploads\/2026\/03\/tva-avocat-1-1024x683.png","type":"image\/png"}],"author":"Team LegalProd","twitter_card":"summary_large_image","twitter_misc":{"Escrito por":"Team LegalProd","Tempo estimado de leitura":"17 minutos"},"schema":{"@context":"https:\/\/schema.org","@graph":[{"@type":"Article","@id":"https:\/\/www.legalprod.com\/pt-pt\/iva-para-advogados-guia-currentyear-regimes-taxas-optim\/#article","isPartOf":{"@id":"https:\/\/www.legalprod.com\/pt-pt\/iva-para-advogados-guia-currentyear-regimes-taxas-optim\/"},"author":{"name":"Team LegalProd","@id":"https:\/\/www.legalprod.com\/pt-pt\/#\/schema\/person\/25526da464038d4aa345e8c5fd8f9dc4"},"headline":"IVA para advogados: guia 2026 (regimes, taxas &amp; optim.)","datePublished":"2026-03-12T15:39:46+00:00","dateModified":"2026-03-12T15:40:46+00:00","mainEntityOfPage":{"@id":"https:\/\/www.legalprod.com\/pt-pt\/iva-para-advogados-guia-currentyear-regimes-taxas-optim\/"},"wordCount":3348,"publisher":{"@id":"https:\/\/www.legalprod.com\/pt-pt\/#organization"},"image":{"@id":"https:\/\/www.legalprod.com\/pt-pt\/iva-para-advogados-guia-currentyear-regimes-taxas-optim\/#primaryimage"},"thumbnailUrl":"https:\/\/www.legalprod.com\/wp-content\/uploads\/2026\/03\/tva-avocat-1.png","articleSection":["Advogado de contabilidade"],"inLanguage":"pt-PT"},{"@type":"WebPage","@id":"https:\/\/www.legalprod.com\/pt-pt\/iva-para-advogados-guia-currentyear-regimes-taxas-optim\/","url":"https:\/\/www.legalprod.com\/pt-pt\/iva-para-advogados-guia-currentyear-regimes-taxas-optim\/","name":"IVA para advogados: guia %%currentYear%% (regimes, taxas &amp; optim.) - LEGALPROD","isPartOf":{"@id":"https:\/\/www.legalprod.com\/pt-pt\/#website"},"primaryImageOfPage":{"@id":"https:\/\/www.legalprod.com\/pt-pt\/iva-para-advogados-guia-currentyear-regimes-taxas-optim\/#primaryimage"},"image":{"@id":"https:\/\/www.legalprod.com\/pt-pt\/iva-para-advogados-guia-currentyear-regimes-taxas-optim\/#primaryimage"},"thumbnailUrl":"https:\/\/www.legalprod.com\/wp-content\/uploads\/2026\/03\/tva-avocat-1.png","datePublished":"2026-03-12T15:39:46+00:00","dateModified":"2026-03-12T15:40:46+00:00","breadcrumb":{"@id":"https:\/\/www.legalprod.com\/pt-pt\/iva-para-advogados-guia-currentyear-regimes-taxas-optim\/#breadcrumb"},"inLanguage":"pt-PT","potentialAction":[{"@type":"ReadAction","target":["https:\/\/www.legalprod.com\/pt-pt\/iva-para-advogados-guia-currentyear-regimes-taxas-optim\/"]}]},{"@type":"ImageObject","inLanguage":"pt-PT","@id":"https:\/\/www.legalprod.com\/pt-pt\/iva-para-advogados-guia-currentyear-regimes-taxas-optim\/#primaryimage","url":"https:\/\/www.legalprod.com\/wp-content\/uploads\/2026\/03\/tva-avocat-1.png","contentUrl":"https:\/\/www.legalprod.com\/wp-content\/uploads\/2026\/03\/tva-avocat-1.png","width":1536,"height":1024,"caption":"Image illustrant tva avocat"},{"@type":"BreadcrumbList","@id":"https:\/\/www.legalprod.com\/pt-pt\/iva-para-advogados-guia-currentyear-regimes-taxas-optim\/#breadcrumb","itemListElement":[{"@type":"ListItem","position":1,"name":"Accueil","item":"https:\/\/www.legalprod.com\/pt-pt\/"},{"@type":"ListItem","position":2,"name":"IVA para advogados: guia 2026 (regimes, taxas &amp; optim.)"}]},{"@type":"WebSite","@id":"https:\/\/www.legalprod.com\/pt-pt\/#website","url":"https:\/\/www.legalprod.com\/pt-pt\/","name":"LEGALPROD","description":"La plateforme intelligente des avocats performants","publisher":{"@id":"https:\/\/www.legalprod.com\/pt-pt\/#organization"},"potentialAction":[{"@type":"SearchAction","target":{"@type":"EntryPoint","urlTemplate":"https:\/\/www.legalprod.com\/pt-pt\/?s={search_term_string}"},"query-input":{"@type":"PropertyValueSpecification","valueRequired":true,"valueName":"search_term_string"}}],"inLanguage":"pt-PT"},{"@type":"Organization","@id":"https:\/\/www.legalprod.com\/pt-pt\/#organization","name":"LEGALPROD","url":"https:\/\/www.legalprod.com\/pt-pt\/","logo":{"@type":"ImageObject","inLanguage":"pt-PT","@id":"https:\/\/www.legalprod.com\/pt-pt\/#\/schema\/logo\/image\/","url":"https:\/\/www.legalprod.com\/wp-content\/uploads\/2022\/11\/legalprod.png","contentUrl":"https:\/\/www.legalprod.com\/wp-content\/uploads\/2022\/11\/legalprod.png","width":420,"height":127,"caption":"LEGALPROD"},"image":{"@id":"https:\/\/www.legalprod.com\/pt-pt\/#\/schema\/logo\/image\/"},"sameAs":["https:\/\/www.linkedin.com\/company\/legalprod"]},{"@type":"Person","@id":"https:\/\/www.legalprod.com\/pt-pt\/#\/schema\/person\/25526da464038d4aa345e8c5fd8f9dc4","name":"Team LegalProd","image":{"@type":"ImageObject","inLanguage":"pt-PT","@id":"https:\/\/secure.gravatar.com\/avatar\/1c3c7c48b0038c51ba83478ea83671ea74b6f9f6ba96ef408e957139ba8d6724?s=96&d=mm&r=g","url":"https:\/\/secure.gravatar.com\/avatar\/1c3c7c48b0038c51ba83478ea83671ea74b6f9f6ba96ef408e957139ba8d6724?s=96&d=mm&r=g","contentUrl":"https:\/\/secure.gravatar.com\/avatar\/1c3c7c48b0038c51ba83478ea83671ea74b6f9f6ba96ef408e957139ba8d6724?s=96&d=mm&r=g","caption":"Team LegalProd"},"url":"https:\/\/www.legalprod.com\/pt-pt\/author\/team-legalprod\/"}]}},"_links":{"self":[{"href":"https:\/\/www.legalprod.com\/pt-pt\/wp-json\/wp\/v2\/posts\/20673","targetHints":{"allow":["GET"]}}],"collection":[{"href":"https:\/\/www.legalprod.com\/pt-pt\/wp-json\/wp\/v2\/posts"}],"about":[{"href":"https:\/\/www.legalprod.com\/pt-pt\/wp-json\/wp\/v2\/types\/post"}],"author":[{"embeddable":true,"href":"https:\/\/www.legalprod.com\/pt-pt\/wp-json\/wp\/v2\/users\/3"}],"replies":[{"embeddable":true,"href":"https:\/\/www.legalprod.com\/pt-pt\/wp-json\/wp\/v2\/comments?post=20673"}],"version-history":[{"count":1,"href":"https:\/\/www.legalprod.com\/pt-pt\/wp-json\/wp\/v2\/posts\/20673\/revisions"}],"predecessor-version":[{"id":20674,"href":"https:\/\/www.legalprod.com\/pt-pt\/wp-json\/wp\/v2\/posts\/20673\/revisions\/20674"}],"wp:featuredmedia":[{"embeddable":true,"href":"https:\/\/www.legalprod.com\/pt-pt\/wp-json\/wp\/v2\/media\/20664"}],"wp:attachment":[{"href":"https:\/\/www.legalprod.com\/pt-pt\/wp-json\/wp\/v2\/media?parent=20673"}],"wp:term":[{"taxonomy":"category","embeddable":true,"href":"https:\/\/www.legalprod.com\/pt-pt\/wp-json\/wp\/v2\/categories?post=20673"},{"taxonomy":"post_tag","embeddable":true,"href":"https:\/\/www.legalprod.com\/pt-pt\/wp-json\/wp\/v2\/tags?post=20673"}],"curies":[{"name":"wp","href":"https:\/\/api.w.org\/{rel}","templated":true}]}}